{"id":30522,"date":"2026-09-03T12:55:34","date_gmt":"2026-09-03T16:55:34","guid":{"rendered":"https:\/\/levasseur.org\/?p=30522"},"modified":"2026-09-03T13:11:29","modified_gmt":"2026-09-03T17:11:29","slug":"30522","status":"publish","type":"post","link":"https:\/\/levasseur.org\/fr\/30522\/","title":{"rendered":"Veille Levasseur \u2014 20 ao\u00fbt au 3 septembre 2026"},"content":{"rendered":"<p class=\"PDq2pG_selectionAnchorContainer\" data-start=\"52\" data-end=\"341\">Cette recherche sur <strong data-start=\"72\" data-end=\"128\">Levasseur, LeVasseur, Le Vasseur, Vasseur et Vassaur<\/strong> fait ressortir quelques nouveaut\u00e9s r\u00e9ellement int\u00e9ressantes pour l\u2019histoire familiale et la g\u00e9n\u00e9alogie. J\u2019ai \u00e9cart\u00e9 les simples mentions du patronyme dans l\u2019actualit\u00e9 lorsqu\u2019elles n\u2019apportaient rien \u00e0 ces sujets.<\/p>\n<p data-start=\"343\" data-end=\"1112\"><strong data-start=\"343\" data-end=\"408\">\ud83d\udcda Nouvelle publication sur les familles Levasseur de Matane.<\/strong> La Soci\u00e9t\u00e9 d\u2019histoire et de g\u00e9n\u00e9alogie de La Matanie a annonc\u00e9 le lancement du <strong data-start=\"488\" data-end=\"515\">tome 4 de Lynn Thibault<\/strong>, consacr\u00e9 aux familles <strong data-start=\"539\" data-end=\"593\">Gauthier, Levasseur, Lefran\u00e7ois, Paquet et Lebreux<\/strong> de la r\u00e9gion de Matane. L\u2019ouvrage compte <strong data-start=\"635\" data-end=\"648\">425 pages<\/strong> et contient des histoires ainsi que des photographies d\u2019anc\u00eatres ayant particip\u00e9 au d\u00e9veloppement de Matane, Saint-Luc-de-Matane, Saint-Ren\u00e9-de-Matane, Sainte-F\u00e9licit\u00e9, Saint-Adelme et Saint-Ulric. Pour l\u2019Association, il serait particuli\u00e8rement int\u00e9ressant d\u2019identifier les pages consacr\u00e9es aux Levasseur et de v\u00e9rifier si elles contiennent des photographies ou renseignements in\u00e9dits. <span class=\"contents\" data-content-reference-start=\"1057\" data-content-reference-end=\"1147\"><span class=\"\" data-state=\"closed\"><a class=\"decorated-link\" href=\"https:\/\/shgmatane.org\/505\/lancement-des-plus-recents-livres-de-lynn-thibault\/nouvelle.html?utm_source=chatgpt.com\" target=\"_blank\" rel=\"noopener\">Voir l\u2019annonce de la Soci\u00e9t\u00e9 d\u2019histoire et de g\u00e9n\u00e9alogie de La Matanie<\/a><\/span><\/span><\/p>\n<p data-start=\"1114\" data-end=\"1792\"><strong data-start=\"1114\" data-end=\"1175\">\ud83d\udd6f\ufe0f Roger R. Levasseur \u2014 une piste g\u00e9n\u00e9alogique au Maine.<\/strong> Roger R. Levasseur, n\u00e9 le <strong data-start=\"1202\" data-end=\"1236\">22 avril 1939 \u00e0 Topsham, Maine<\/strong>, est d\u00e9c\u00e9d\u00e9 le <strong data-start=\"1252\" data-end=\"1280\">25 ao\u00fbt 2026 \u00e0 Harpswell<\/strong>, \u00e0 87 ans. Ancien Marine am\u00e9ricain, il avait travaill\u00e9 dans la construction avant de devenir p\u00eacheur de homard. Son avis mentionne son \u00e9pouse <strong data-start=\"1423\" data-end=\"1454\">Roseline Riendeau Levasseur<\/strong>, ses enfants Roger et Gina, ainsi que plusieurs fr\u00e8res Levasseur. Pour le projet de l\u2019Association sur les <strong data-start=\"1561\" data-end=\"1583\">Levasseur du Maine<\/strong>, cette famille de Topsham\/Brunswick\/Harpswell pourrait constituer une piste int\u00e9ressante \u00e0 raccorder aux lign\u00e9es d\u00e9j\u00e0 document\u00e9es. \u00a0<span class=\"contents\" data-content-reference-start=\"1772\" data-content-reference-end=\"1830\"><span class=\"\" data-state=\"closed\"><a class=\"decorated-link\" href=\"https:\/\/www.tributearchive.com\/obituaries\/49396038\/roger-r-levasseur?utm_source=chatgpt.com\" target=\"_blank\" rel=\"noopener\">Consulter l\u2019avis de Roger R. Levasseur<\/a><\/span><\/span><\/p>\n<p data-start=\"1794\" data-end=\"2324\"><strong data-start=\"1794\" data-end=\"1854\">\ud83d\udd6f\ufe0f Gis\u00e8le Levasseur \u2014 Saint-L\u00e9onard-d\u2019Aston \u2192 Montr\u00e9al.<\/strong> Un nouvel avis signale le d\u00e9c\u00e8s de <strong data-start=\"1890\" data-end=\"1910\">Gis\u00e8le Levasseur<\/strong>, le <strong data-start=\"1915\" data-end=\"1931\">28 ao\u00fbt 2026<\/strong>, \u00e0 l\u2019\u00e2ge de 98 ans. Elle \u00e9tait n\u00e9e le <strong data-start=\"1970\" data-end=\"2013\">28 janvier 1928 \u00e0 Saint-L\u00e9onard-d\u2019Aston<\/strong> et r\u00e9sidait \u00e0 Montr\u00e9al. L\u2019avis actuellement publi\u00e9 contient malheureusement tr\u00e8s peu d\u2019informations familiales, mais les lieux et dates permettent \u00e9ventuellement de rechercher sa filiation dans la base g\u00e9n\u00e9alogique de l\u2019Association. \u00a0<span class=\"contents\" data-content-reference-start=\"2307\" data-content-reference-end=\"2360\"><span class=\"\" data-state=\"closed\"><a class=\"decorated-link\" href=\"https:\/\/www.dignitymemorial.com\/fr-ca\/obituaries\/montreal-qc\/gisele-levasseur-13021177?utm_source=chatgpt.com\" target=\"_blank\" rel=\"noopener\">Avis de d\u00e9c\u00e8s de Gis\u00e8le Levasseur<\/a><\/span><\/span><\/p>\n<p data-start=\"2326\" data-end=\"3129\"><strong data-start=\"2326\" data-end=\"2382\">\ud83d\udd6f\ufe0f Martin Levasseur \u2014 branche du Bas-Saint-Laurent.<\/strong> Un autre avis particuli\u00e8rement riche g\u00e9n\u00e9alogiquement concerne <strong data-start=\"2446\" data-end=\"2478\">Martin Levasseur (1957\u20132026)<\/strong>, d\u00e9c\u00e9d\u00e9 \u00e0 Matane le 14 ao\u00fbt. Il demeurait \u00e0 Saint-Mo\u00efse et \u00e9tait originaire de <strong data-start=\"2558\" data-end=\"2575\">La R\u00e9demption<\/strong>. Il \u00e9tait fils de <strong data-start=\"2594\" data-end=\"2640\">Raymond Levasseur et Jeanne-D\u2019Arc L\u00e9vesque<\/strong>. L\u2019avis \u00e9num\u00e8re ses deux filles et surtout une fratrie Levasseur tr\u00e8s importante : Herman, Odette, Rodrigue, R\u00e9mi, Raymonde, Bernadette, Gis\u00e8le, Ubald, Jacquelin, Madeleine, Nathalie et H\u00e9l\u00e8ne. L\u2019hommage aura lieu \u00e0 Mont-Joli le <strong data-start=\"2870\" data-end=\"2885\">6 septembre<\/strong>. Cette notice est particuli\u00e8rement pertinente compte tenu des recherches actuelles de l\u2019Association sur <strong data-start=\"2990\" data-end=\"3050\">Mont-Joli et les familles Levasseur du Bas-Saint-Laurent<\/strong>. <br data-start=\"3089\" data-end=\"3092\" \/><span class=\"contents\" data-content-reference-start=\"3110\" data-content-reference-end=\"3162\"><span class=\"\" data-state=\"closed\"><a class=\"decorated-link\" href=\"https:\/\/www.centrefunerairebissonnette.com\/fr\/avis-de-deces\/details\/14862\/martin-levasseur?utm_source=chatgpt.com\" target=\"_blank\" rel=\"noopener\">Avis complet de Martin Levasseur<\/a><\/span><\/span><\/p>\n<p data-start=\"3131\" data-end=\"3665\"><strong data-start=\"3131\" data-end=\"3180\">\ud83d\udd6f\ufe0f Simone Couture, n\u00e9e Levasseur \u2014 Winnipeg.<\/strong> Un avis publi\u00e9 le <strong data-start=\"3199\" data-end=\"3221\">1er septembre 2026<\/strong> annonce le d\u00e9c\u00e8s de <strong data-start=\"3242\" data-end=\"3276\">Simone Couture (n\u00e9e Levasseur)<\/strong>, n\u00e9e le 24 ao\u00fbt 1949. Il fournit plusieurs \u00e9l\u00e9ments familiaux : ses enfants Alain et Ginette et ses fr\u00e8res et s\u0153urs <strong data-start=\"3393\" data-end=\"3456\">C\u00e9cile, Roger, Henriette, Roland, Gilbert et Jean Levasseur<\/strong>, ainsi que Pauline et Edm\u00e9e, d\u00e9c\u00e9d\u00e9es avant elle. Cela pourrait permettre de documenter une branche Levasseur \u00e9tablie au Manitoba. <br data-start=\"3625\" data-end=\"3628\" \/><span class=\"contents\" data-content-reference-start=\"3643\" data-content-reference-end=\"3711\"><span class=\"\" data-state=\"closed\"><a class=\"decorated-link\" href=\"https:\/\/www.ethicaldeathcare.com\/obits\/couture-simone?utm_source=chatgpt.com\" target=\"_blank\" rel=\"noopener\">Consulter l\u2019avis de Simone Couture n\u00e9e Levasseur<\/a><\/span><\/span><\/p>\n<h3 data-section-id=\"znciw1\" data-start=\"3667\" data-end=\"3699\">\u00c0 retenir pour l\u2019Association<\/h3>\n<p data-start=\"3701\" data-end=\"4252\">La d\u00e9couverte qui me para\u00eet <strong data-start=\"3729\" data-end=\"3831\">la plus prometteuse cette semaine est le nouveau livre de Lynn Thibault sur les familles de Matane<\/strong>. Elle arrive au moment o\u00f9 l\u2019Association travaille justement sur Louis-Joseph Levasseur et la Maison Levasseur de Matane. Le r\u00e9cent article de la Soci\u00e9t\u00e9 d\u2019histoire rappelle que <strong data-start=\"4009\" data-end=\"4047\">Louis-Joseph Levasseur (1850\u20131928)<\/strong> et Agla\u00e9 Paradis eurent 14 enfants, dont huit atteignirent l\u2019\u00e2ge adulte et laiss\u00e8rent une importante descendance; il fut \u00e9galement maire de Matane \u00e0 trois reprises.<\/p>\n<div style=\"position: absolute; width: 1px; height: 1px; margin: -1px; padding: 0px; border: 0px; overflow: hidden; clip: rect(0px, 0px, 0px, 0px); clip-path: inset(50%); white-space: nowrap;\" role=\"status\" aria-live=\"polite\" aria-atomic=\"true\"><\/div>\n<div style=\"position: absolute; width: 1px; height: 1px; margin: -1px; padding: 0px; border: 0px; overflow: hidden; clip: rect(0px, 0px, 0px, 0px); clip-path: inset(50%); white-space: nowrap;\" role=\"alert\" aria-live=\"assertive\" aria-atomic=\"true\"><\/div>\n<div style=\"position: absolute; width: 1px; height: 1px; margin: -1px; padding: 0px; border: 0px; overflow: hidden; clip: rect(0px, 0px, 0px, 0px); clip-path: inset(50%); white-space: nowrap;\" role=\"status\" aria-live=\"polite\" aria-atomic=\"true\"><\/div>\n<div style=\"position: absolute; width: 1px; height: 1px; margin: -1px; padding: 0px; border: 0px; overflow: hidden; clip: rect(0px, 0px, 0px, 0px); clip-path: inset(50%); white-space: nowrap;\" role=\"alert\" aria-live=\"assertive\" aria-atomic=\"true\"><\/div>\n<div style=\"position: absolute; width: 1px; height: 1px; margin: -1px; padding: 0px; border: 0px; overflow: hidden; clip: rect(0px, 0px, 0px, 0px); clip-path: inset(50%); white-space: nowrap;\" role=\"status\" aria-live=\"polite\" aria-atomic=\"true\"><\/div>\n<div style=\"position: absolute; width: 1px; height: 1px; margin: -1px; padding: 0px; border: 0px; overflow: hidden; clip: rect(0px, 0px, 0px, 0px); clip-path: inset(50%); white-space: nowrap;\" role=\"alert\" aria-live=\"assertive\" aria-atomic=\"true\"><\/div>\n","protected":false},"excerpt":{"rendered":"<p>Cette recherche sur Levasseur, LeVasseur, Le Vasseur, Vasseur et Vassaur  [&#8230;]<\/p>\n","protected":false},"author":1,"featured_media":0,"comment_status":"open","ping_status":"open","sticky":false,"template":"","format":"standard","meta":{"footnotes":""},"categories":[94],"tags":[],"class_list":["post-30522","post","type-post","status-publish","format-standard","hentry","category-actualites-news"],"yoast_head":"<!-- This site is optimized with the Yoast SEO plugin v28.4 - https:\/\/yoast.com\/product\/yoast-seo-wordpress\/ -->\n<title>Veille Levasseur \u2014 20 ao\u00fbt au 3 septembre 2026 - Familles Levasseur et Carmel<\/title>\n<meta name=\"description\" content=\"L\u2019Association des Levasseur et Carmel d\u2019Am\u00e9rique vous permet de consulter : documents historiques concernant les anc\u00eatres Jean, Pierre et Laurent Levasseur arriv\u00e9s en Nouvelle-France au 17e si\u00e8cle. Informations, objectifs, activit\u00e9s et rassemblements.\" \/>\n<meta name=\"robots\" content=\"index, follow, max-snippet:-1, max-image-preview:large, max-video-preview:-1\" \/>\n<link rel=\"canonical\" href=\"https:\/\/levasseur.org\/fr\/30522\/\" \/>\n<meta property=\"og:locale\" content=\"fr_FR\" \/>\n<meta property=\"og:type\" content=\"article\" \/>\n<meta property=\"og:title\" content=\"Veille Levasseur \u2014 20 ao\u00fbt au 3 septembre 2026 - Familles Levasseur et Carmel\" \/>\n<meta property=\"og:description\" content=\"L\u2019Association des Levasseur et Carmel d\u2019Am\u00e9rique vous permet de consulter : documents historiques concernant les anc\u00eatres Jean, Pierre et Laurent Levasseur arriv\u00e9s en Nouvelle-France au 17e si\u00e8cle. Informations, objectifs, activit\u00e9s et rassemblements.\" \/>\n<meta property=\"og:url\" content=\"https:\/\/levasseur.org\/fr\/30522\/\" \/>\n<meta property=\"og:site_name\" content=\"Familles Levasseur et Carmel\" \/>\n<meta property=\"article:publisher\" content=\"https:\/\/www.facebook.com\/associationlevasseur\" \/>\n<meta property=\"article:published_time\" content=\"2026-09-03T16:55:34+00:00\" \/>\n<meta property=\"article:modified_time\" content=\"2026-09-03T17:11:29+00:00\" \/>\n<meta name=\"author\" content=\"Jean-Pierre Levasseur\" \/>\n<meta name=\"twitter:card\" content=\"summary_large_image\" \/>\n<meta name=\"twitter:label1\" content=\"\u00c9crit par\" \/>\n\t<meta name=\"twitter:data1\" content=\"Jean-Pierre Levasseur\" \/>\n\t<meta name=\"twitter:label2\" content=\"Dur\u00e9e de lecture estim\u00e9e\" \/>\n\t<meta name=\"twitter:data2\" content=\"3 minutes\" \/>\n<script type=\"application\/ld+json\" class=\"yoast-schema-graph\">{\"@context\":\"https:\\\/\\\/schema.org\",\"@graph\":[{\"@type\":\"Article\",\"@id\":\"https:\\\/\\\/levasseur.org\\\/fr\\\/30522\\\/#article\",\"isPartOf\":{\"@id\":\"https:\\\/\\\/levasseur.org\\\/fr\\\/30522\\\/\"},\"author\":{\"name\":\"Jean-Pierre Levasseur\",\"@id\":\"https:\\\/\\\/levasseur.org\\\/fr\\\/#\\\/schema\\\/person\\\/08aca2b2e8f0aaeb4fd1ba151d381668\"},\"headline\":\"Veille Levasseur \u2014 20 ao\u00fbt au 3 septembre 2026\",\"datePublished\":\"2026-09-03T16:55:34+00:00\",\"dateModified\":\"2026-09-03T17:11:29+00:00\",\"mainEntityOfPage\":{\"@id\":\"https:\\\/\\\/levasseur.org\\\/fr\\\/30522\\\/\"},\"wordCount\":642,\"commentCount\":0,\"publisher\":{\"@id\":\"https:\\\/\\\/levasseur.org\\\/fr\\\/#organization\"},\"articleSection\":[\"Actualit\u00e9s\\\/News\"],\"inLanguage\":\"fr-FR\",\"potentialAction\":[{\"@type\":\"CommentAction\",\"name\":\"Comment\",\"target\":[\"https:\\\/\\\/levasseur.org\\\/fr\\\/30522\\\/#respond\"]}]},{\"@type\":\"WebPage\",\"@id\":\"https:\\\/\\\/levasseur.org\\\/fr\\\/30522\\\/\",\"url\":\"https:\\\/\\\/levasseur.org\\\/fr\\\/30522\\\/\",\"name\":\"Veille Levasseur \u2014 20 ao\u00fbt au 3 septembre 2026 - Familles Levasseur et Carmel\",\"isPartOf\":{\"@id\":\"https:\\\/\\\/levasseur.org\\\/fr\\\/#website\"},\"datePublished\":\"2026-09-03T16:55:34+00:00\",\"dateModified\":\"2026-09-03T17:11:29+00:00\",\"description\":\"L\u2019Association des Levasseur et Carmel d\u2019Am\u00e9rique vous permet de consulter : documents historiques concernant les anc\u00eatres Jean, Pierre et Laurent Levasseur arriv\u00e9s en Nouvelle-France au 17e si\u00e8cle. Informations, objectifs, activit\u00e9s et rassemblements.\",\"breadcrumb\":{\"@id\":\"https:\\\/\\\/levasseur.org\\\/fr\\\/30522\\\/#breadcrumb\"},\"inLanguage\":\"fr-FR\",\"potentialAction\":[{\"@type\":\"ReadAction\",\"target\":[\"https:\\\/\\\/levasseur.org\\\/fr\\\/30522\\\/\"]}]},{\"@type\":\"BreadcrumbList\",\"@id\":\"https:\\\/\\\/levasseur.org\\\/fr\\\/30522\\\/#breadcrumb\",\"itemListElement\":[{\"@type\":\"ListItem\",\"position\":1,\"name\":\"Accueil\",\"item\":\"https:\\\/\\\/levasseur.org\\\/fr\\\/\"},{\"@type\":\"ListItem\",\"position\":2,\"name\":\"Veille Levasseur \u2014 20 ao\u00fbt au 3 septembre 2026\"}]},{\"@type\":\"WebSite\",\"@id\":\"https:\\\/\\\/levasseur.org\\\/fr\\\/#website\",\"url\":\"https:\\\/\\\/levasseur.org\\\/fr\\\/\",\"name\":\"Familles Levasseur & Carmel\",\"description\":\"Du mieux que je puis\",\"publisher\":{\"@id\":\"https:\\\/\\\/levasseur.org\\\/fr\\\/#organization\"},\"potentialAction\":[{\"@type\":\"SearchAction\",\"target\":{\"@type\":\"EntryPoint\",\"urlTemplate\":\"https:\\\/\\\/levasseur.org\\\/fr\\\/?s={search_term_string}\"},\"query-input\":{\"@type\":\"PropertyValueSpecification\",\"valueRequired\":true,\"valueName\":\"search_term_string\"}}],\"inLanguage\":\"fr-FR\"},{\"@type\":\"Organization\",\"@id\":\"https:\\\/\\\/levasseur.org\\\/fr\\\/#organization\",\"name\":\"Association des Levasseur d'Am\u00e9rique\",\"url\":\"https:\\\/\\\/levasseur.org\\\/fr\\\/\",\"logo\":{\"@type\":\"ImageObject\",\"inLanguage\":\"fr-FR\",\"@id\":\"https:\\\/\\\/levasseur.org\\\/fr\\\/#\\\/schema\\\/logo\\\/image\\\/\",\"url\":\"https:\\\/\\\/levasseur.org\\\/wp-content\\\/uploads\\\/2019\\\/04\\\/blason_nouv.gif\",\"contentUrl\":\"https:\\\/\\\/levasseur.org\\\/wp-content\\\/uploads\\\/2019\\\/04\\\/blason_nouv.gif\",\"width\":500,\"height\":487,\"caption\":\"Association des Levasseur d'Am\u00e9rique\"},\"image\":{\"@id\":\"https:\\\/\\\/levasseur.org\\\/fr\\\/#\\\/schema\\\/logo\\\/image\\\/\"},\"sameAs\":[\"https:\\\/\\\/www.facebook.com\\\/associationlevasseur\"]},{\"@type\":\"Person\",\"@id\":\"https:\\\/\\\/levasseur.org\\\/fr\\\/#\\\/schema\\\/person\\\/08aca2b2e8f0aaeb4fd1ba151d381668\",\"name\":\"Jean-Pierre Levasseur\",\"image\":{\"@type\":\"ImageObject\",\"inLanguage\":\"fr-FR\",\"@id\":\"https:\\\/\\\/secure.gravatar.com\\\/avatar\\\/91886ceaeeed70d2c783c3cecea227e4168c3850ccd56c136a87175ac5756f75?s=96&d=mm&r=g\",\"url\":\"https:\\\/\\\/secure.gravatar.com\\\/avatar\\\/91886ceaeeed70d2c783c3cecea227e4168c3850ccd56c136a87175ac5756f75?s=96&d=mm&r=g\",\"contentUrl\":\"https:\\\/\\\/secure.gravatar.com\\\/avatar\\\/91886ceaeeed70d2c783c3cecea227e4168c3850ccd56c136a87175ac5756f75?s=96&d=mm&r=g\",\"caption\":\"Jean-Pierre Levasseur\"},\"description\":\"B\u00e9n\u00e9vole pour l'Association des Levasseur d'Am\u00e9rique depuis 1995.\",\"url\":\"https:\\\/\\\/levasseur.org\\\/fr\\\/author\\\/admin\\\/\"}]}<\/script>\n<!-- \/ Yoast SEO plugin. -->","yoast_head_json":{"title":"Veille Levasseur \u2014 20 ao\u00fbt au 3 septembre 2026 - Familles Levasseur et Carmel","description":"L\u2019Association des Levasseur et Carmel d\u2019Am\u00e9rique vous permet de consulter : documents historiques concernant les anc\u00eatres Jean, Pierre et Laurent Levasseur arriv\u00e9s en Nouvelle-France au 17e si\u00e8cle. Informations, objectifs, activit\u00e9s et rassemblements.","robots":{"index":"index","follow":"follow","max-snippet":"max-snippet:-1","max-image-preview":"max-image-preview:large","max-video-preview":"max-video-preview:-1"},"canonical":"https:\/\/levasseur.org\/fr\/30522\/","og_locale":"fr_FR","og_type":"article","og_title":"Veille Levasseur \u2014 20 ao\u00fbt au 3 septembre 2026 - Familles Levasseur et Carmel","og_description":"L\u2019Association des Levasseur et Carmel d\u2019Am\u00e9rique vous permet de consulter : documents historiques concernant les anc\u00eatres Jean, Pierre et Laurent Levasseur arriv\u00e9s en Nouvelle-France au 17e si\u00e8cle. Informations, objectifs, activit\u00e9s et rassemblements.","og_url":"https:\/\/levasseur.org\/fr\/30522\/","og_site_name":"Familles Levasseur et Carmel","article_publisher":"https:\/\/www.facebook.com\/associationlevasseur","article_published_time":"2026-09-03T16:55:34+00:00","article_modified_time":"2026-09-03T17:11:29+00:00","author":"Jean-Pierre Levasseur","twitter_card":"summary_large_image","twitter_misc":{"\u00c9crit par":"Jean-Pierre Levasseur","Dur\u00e9e de lecture estim\u00e9e":"3 minutes"},"schema":{"@context":"https:\/\/schema.org","@graph":[{"@type":"Article","@id":"https:\/\/levasseur.org\/fr\/30522\/#article","isPartOf":{"@id":"https:\/\/levasseur.org\/fr\/30522\/"},"author":{"name":"Jean-Pierre Levasseur","@id":"https:\/\/levasseur.org\/fr\/#\/schema\/person\/08aca2b2e8f0aaeb4fd1ba151d381668"},"headline":"Veille Levasseur \u2014 20 ao\u00fbt au 3 septembre 2026","datePublished":"2026-09-03T16:55:34+00:00","dateModified":"2026-09-03T17:11:29+00:00","mainEntityOfPage":{"@id":"https:\/\/levasseur.org\/fr\/30522\/"},"wordCount":642,"commentCount":0,"publisher":{"@id":"https:\/\/levasseur.org\/fr\/#organization"},"articleSection":["Actualit\u00e9s\/News"],"inLanguage":"fr-FR","potentialAction":[{"@type":"CommentAction","name":"Comment","target":["https:\/\/levasseur.org\/fr\/30522\/#respond"]}]},{"@type":"WebPage","@id":"https:\/\/levasseur.org\/fr\/30522\/","url":"https:\/\/levasseur.org\/fr\/30522\/","name":"Veille Levasseur \u2014 20 ao\u00fbt au 3 septembre 2026 - Familles Levasseur et Carmel","isPartOf":{"@id":"https:\/\/levasseur.org\/fr\/#website"},"datePublished":"2026-09-03T16:55:34+00:00","dateModified":"2026-09-03T17:11:29+00:00","description":"L\u2019Association des Levasseur et Carmel d\u2019Am\u00e9rique vous permet de consulter : documents historiques concernant les anc\u00eatres Jean, Pierre et Laurent Levasseur arriv\u00e9s en Nouvelle-France au 17e si\u00e8cle. Informations, objectifs, activit\u00e9s et rassemblements.","breadcrumb":{"@id":"https:\/\/levasseur.org\/fr\/30522\/#breadcrumb"},"inLanguage":"fr-FR","potentialAction":[{"@type":"ReadAction","target":["https:\/\/levasseur.org\/fr\/30522\/"]}]},{"@type":"BreadcrumbList","@id":"https:\/\/levasseur.org\/fr\/30522\/#breadcrumb","itemListElement":[{"@type":"ListItem","position":1,"name":"Accueil","item":"https:\/\/levasseur.org\/fr\/"},{"@type":"ListItem","position":2,"name":"Veille Levasseur \u2014 20 ao\u00fbt au 3 septembre 2026"}]},{"@type":"WebSite","@id":"https:\/\/levasseur.org\/fr\/#website","url":"https:\/\/levasseur.org\/fr\/","name":"Familles Levasseur & Carmel","description":"Du mieux que je puis","publisher":{"@id":"https:\/\/levasseur.org\/fr\/#organization"},"potentialAction":[{"@type":"SearchAction","target":{"@type":"EntryPoint","urlTemplate":"https:\/\/levasseur.org\/fr\/?s={search_term_string}"},"query-input":{"@type":"PropertyValueSpecification","valueRequired":true,"valueName":"search_term_string"}}],"inLanguage":"fr-FR"},{"@type":"Organization","@id":"https:\/\/levasseur.org\/fr\/#organization","name":"Association des Levasseur d'Am\u00e9rique","url":"https:\/\/levasseur.org\/fr\/","logo":{"@type":"ImageObject","inLanguage":"fr-FR","@id":"https:\/\/levasseur.org\/fr\/#\/schema\/logo\/image\/","url":"https:\/\/levasseur.org\/wp-content\/uploads\/2019\/04\/blason_nouv.gif","contentUrl":"https:\/\/levasseur.org\/wp-content\/uploads\/2019\/04\/blason_nouv.gif","width":500,"height":487,"caption":"Association des Levasseur d'Am\u00e9rique"},"image":{"@id":"https:\/\/levasseur.org\/fr\/#\/schema\/logo\/image\/"},"sameAs":["https:\/\/www.facebook.com\/associationlevasseur"]},{"@type":"Person","@id":"https:\/\/levasseur.org\/fr\/#\/schema\/person\/08aca2b2e8f0aaeb4fd1ba151d381668","name":"Jean-Pierre Levasseur","image":{"@type":"ImageObject","inLanguage":"fr-FR","@id":"https:\/\/secure.gravatar.com\/avatar\/91886ceaeeed70d2c783c3cecea227e4168c3850ccd56c136a87175ac5756f75?s=96&d=mm&r=g","url":"https:\/\/secure.gravatar.com\/avatar\/91886ceaeeed70d2c783c3cecea227e4168c3850ccd56c136a87175ac5756f75?s=96&d=mm&r=g","contentUrl":"https:\/\/secure.gravatar.com\/avatar\/91886ceaeeed70d2c783c3cecea227e4168c3850ccd56c136a87175ac5756f75?s=96&d=mm&r=g","caption":"Jean-Pierre Levasseur"},"description":"B\u00e9n\u00e9vole pour l'Association des Levasseur d'Am\u00e9rique depuis 1995.","url":"https:\/\/levasseur.org\/fr\/author\/admin\/"}]}},"_links":{"self":[{"href":"https:\/\/levasseur.org\/fr\/wp-json\/wp\/v2\/posts\/30522","targetHints":{"allow":["GET"]}}],"collection":[{"href":"https:\/\/levasseur.org\/fr\/wp-json\/wp\/v2\/posts"}],"about":[{"href":"https:\/\/levasseur.org\/fr\/wp-json\/wp\/v2\/types\/post"}],"author":[{"embeddable":true,"href":"https:\/\/levasseur.org\/fr\/wp-json\/wp\/v2\/users\/1"}],"replies":[{"embeddable":true,"href":"https:\/\/levasseur.org\/fr\/wp-json\/wp\/v2\/comments?post=30522"}],"version-history":[{"count":3,"href":"https:\/\/levasseur.org\/fr\/wp-json\/wp\/v2\/posts\/30522\/revisions"}],"predecessor-version":[{"id":30527,"href":"https:\/\/levasseur.org\/fr\/wp-json\/wp\/v2\/posts\/30522\/revisions\/30527"}],"wp:attachment":[{"href":"https:\/\/levasseur.org\/fr\/wp-json\/wp\/v2\/media?parent=30522"}],"wp:term":[{"taxonomy":"category","embeddable":true,"href":"https:\/\/levasseur.org\/fr\/wp-json\/wp\/v2\/categories?post=30522"},{"taxonomy":"post_tag","embeddable":true,"href":"https:\/\/levasseur.org\/fr\/wp-json\/wp\/v2\/tags?post=30522"}],"curies":[{"name":"wp","href":"https:\/\/api.w.org\/{rel}","templated":true}]}}