{"id":28008,"date":"2024-05-18T11:19:27","date_gmt":"2024-05-18T15:19:27","guid":{"rendered":"https:\/\/levasseur.org\/?p=28008"},"modified":"2024-09-08T11:03:34","modified_gmt":"2024-09-08T15:03:34","slug":"pierre-levasseur-entrepreneur-maitre-menuisier","status":"publish","type":"post","link":"https:\/\/levasseur.org\/fr\/pierre-levasseur-entrepreneur-maitre-menuisier\/","title":{"rendered":"Pierre Levasseur, entrepreneur, ma\u00eetre- menuisier"},"content":{"rendered":"<div class=\"page\" title=\"Page 1\">\n<div class=\"section\">\n<div class=\"layoutArea\">\n<div class=\"column\">\n<p><a href=\"https:\/\/levasseur.org\/capsules\/20240601_fr.pdf\" target=\"_blank\" rel=\"noopener\"><img decoding=\"async\" class=\"alignleft wp-image-27999 size-full\" src=\"https:\/\/levasseur.org\/wp-content\/uploads\/2024\/05\/20240601_f.jpg\" alt=\"Capsule Web - Levasseur - 2024\/06\/01\" width=\"300\" height=\"390\" srcset=\"https:\/\/levasseur.org\/wp-content\/uploads\/2024\/05\/20240601_f-200x260.jpg 200w, https:\/\/levasseur.org\/wp-content\/uploads\/2024\/05\/20240601_f-231x300.jpg 231w, https:\/\/levasseur.org\/wp-content\/uploads\/2024\/05\/20240601_f.jpg 300w\" sizes=\"(max-width: 300px) 100vw, 300px\" \/><\/a><\/p>\n<p>&nbsp;<\/p>\n<p><strong>Pierre Levasseur est le petit-fils de Pierre Levasseur dit L\u2019Espe\u0301rance<\/strong>. Il est ne\u0301 en 1703 a\u0300 Que\u0301bec et de\u0301ce\u0301de\u0301 en 1779 a\u0300 Boucherville (Chambly). On connaissait peu de chose de sa vie jusqu\u2019a\u0300 maintenant. Or un bouquin paru en 2009 nous ouvre une fene\u0302tre sur quelques anne\u0301es de sa vie : il fut entrepreneur et dirigea un moulin a\u0300 scie, sur la rivie\u0300re Des Hurons, pre\u0300s de Chambly de 1739 a\u0300 1746. Et c\u2019est pour la Seigneuresse de Monnoir.<\/p>\n<\/div>\n<p>Article d&rsquo;Alex Levasseur<\/p>\n<p>Consultation : <a href=\"https:\/\/levasseur.org\/capsules\/20240601_fr.pdf\" target=\"_blank\" rel=\"noopener\">https:\/\/levasseur.org\/capsules\/20240601_fr.pdf<\/a><\/p>\n<\/div>\n<\/div>\n<\/div>\n","protected":false},"excerpt":{"rendered":"<p>&nbsp; Pierre Levasseur est le petit-fils de Pierre Levasseur dit  [&#8230;]<\/p>\n","protected":false},"author":1,"featured_media":0,"comment_status":"open","ping_status":"open","sticky":false,"template":"","format":"standard","meta":{"footnotes":""},"categories":[95],"tags":[],"class_list":["post-28008","post","type-post","status-publish","format-standard","hentry","category-infolettres-newsletter"],"yoast_head":"<!-- This site is optimized with the Yoast SEO plugin v27.4 - https:\/\/yoast.com\/product\/yoast-seo-wordpress\/ -->\n<title>Pierre Levasseur, entrepreneur, ma\u00eetre- menuisier - Familles Levasseur et Carmel<\/title>\n<meta name=\"description\" content=\"L\u2019Association des Levasseur et Carmel d\u2019Am\u00e9rique vous permet de consulter : documents historiques concernant les anc\u00eatres Jean, Pierre et Laurent Levasseur arriv\u00e9s en Nouvelle-France au 17e si\u00e8cle. Informations, objectifs, activit\u00e9s et rassemblements.\" \/>\n<meta name=\"robots\" content=\"index, follow, max-snippet:-1, max-image-preview:large, max-video-preview:-1\" \/>\n<link rel=\"canonical\" href=\"https:\/\/levasseur.org\/fr\/pierre-levasseur-entrepreneur-maitre-menuisier\/\" \/>\n<meta property=\"og:locale\" content=\"fr_FR\" \/>\n<meta property=\"og:type\" content=\"article\" \/>\n<meta property=\"og:title\" content=\"Pierre Levasseur, entrepreneur, ma\u00eetre- menuisier - Familles Levasseur et Carmel\" \/>\n<meta property=\"og:description\" content=\"L\u2019Association des Levasseur et Carmel d\u2019Am\u00e9rique vous permet de consulter : documents historiques concernant les anc\u00eatres Jean, Pierre et Laurent Levasseur arriv\u00e9s en Nouvelle-France au 17e si\u00e8cle. Informations, objectifs, activit\u00e9s et rassemblements.\" \/>\n<meta property=\"og:url\" content=\"https:\/\/levasseur.org\/fr\/pierre-levasseur-entrepreneur-maitre-menuisier\/\" \/>\n<meta property=\"og:site_name\" content=\"Familles Levasseur et Carmel\" \/>\n<meta property=\"article:publisher\" content=\"https:\/\/www.facebook.com\/associationlevasseur\" \/>\n<meta property=\"article:published_time\" content=\"2024-05-18T15:19:27+00:00\" \/>\n<meta property=\"article:modified_time\" content=\"2024-09-08T15:03:34+00:00\" \/>\n<meta property=\"og:image\" content=\"https:\/\/levasseur.org\/wp-content\/uploads\/2024\/05\/20240601_f.jpg\" \/>\n<meta name=\"author\" content=\"Jean-Pierre Levasseur\" \/>\n<meta name=\"twitter:card\" content=\"summary_large_image\" \/>\n<meta name=\"twitter:label1\" content=\"\u00c9crit par\" \/>\n\t<meta name=\"twitter:data1\" content=\"Jean-Pierre Levasseur\" \/>\n<script type=\"application\/ld+json\" class=\"yoast-schema-graph\">{\"@context\":\"https:\\\/\\\/schema.org\",\"@graph\":[{\"@type\":\"Article\",\"@id\":\"https:\\\/\\\/levasseur.org\\\/fr\\\/pierre-levasseur-entrepreneur-maitre-menuisier\\\/#article\",\"isPartOf\":{\"@id\":\"https:\\\/\\\/levasseur.org\\\/fr\\\/pierre-levasseur-entrepreneur-maitre-menuisier\\\/\"},\"author\":{\"name\":\"Jean-Pierre Levasseur\",\"@id\":\"https:\\\/\\\/levasseur.org\\\/fr\\\/#\\\/schema\\\/person\\\/08aca2b2e8f0aaeb4fd1ba151d381668\"},\"headline\":\"Pierre Levasseur, entrepreneur, ma\u00eetre- menuisier\",\"datePublished\":\"2024-05-18T15:19:27+00:00\",\"dateModified\":\"2024-09-08T15:03:34+00:00\",\"mainEntityOfPage\":{\"@id\":\"https:\\\/\\\/levasseur.org\\\/fr\\\/pierre-levasseur-entrepreneur-maitre-menuisier\\\/\"},\"wordCount\":102,\"commentCount\":0,\"publisher\":{\"@id\":\"https:\\\/\\\/levasseur.org\\\/fr\\\/#organization\"},\"image\":{\"@id\":\"https:\\\/\\\/levasseur.org\\\/fr\\\/pierre-levasseur-entrepreneur-maitre-menuisier\\\/#primaryimage\"},\"thumbnailUrl\":\"https:\\\/\\\/levasseur.org\\\/wp-content\\\/uploads\\\/2024\\\/05\\\/20240601_f.jpg\",\"articleSection\":[\"Infolettres\\\/Newsletter\"],\"inLanguage\":\"fr-FR\",\"potentialAction\":[{\"@type\":\"CommentAction\",\"name\":\"Comment\",\"target\":[\"https:\\\/\\\/levasseur.org\\\/fr\\\/pierre-levasseur-entrepreneur-maitre-menuisier\\\/#respond\"]}]},{\"@type\":\"WebPage\",\"@id\":\"https:\\\/\\\/levasseur.org\\\/fr\\\/pierre-levasseur-entrepreneur-maitre-menuisier\\\/\",\"url\":\"https:\\\/\\\/levasseur.org\\\/fr\\\/pierre-levasseur-entrepreneur-maitre-menuisier\\\/\",\"name\":\"Pierre Levasseur, entrepreneur, ma\u00eetre- menuisier - Familles Levasseur et Carmel\",\"isPartOf\":{\"@id\":\"https:\\\/\\\/levasseur.org\\\/fr\\\/#website\"},\"primaryImageOfPage\":{\"@id\":\"https:\\\/\\\/levasseur.org\\\/fr\\\/pierre-levasseur-entrepreneur-maitre-menuisier\\\/#primaryimage\"},\"image\":{\"@id\":\"https:\\\/\\\/levasseur.org\\\/fr\\\/pierre-levasseur-entrepreneur-maitre-menuisier\\\/#primaryimage\"},\"thumbnailUrl\":\"https:\\\/\\\/levasseur.org\\\/wp-content\\\/uploads\\\/2024\\\/05\\\/20240601_f.jpg\",\"datePublished\":\"2024-05-18T15:19:27+00:00\",\"dateModified\":\"2024-09-08T15:03:34+00:00\",\"description\":\"L\u2019Association des Levasseur et Carmel d\u2019Am\u00e9rique vous permet de consulter : documents historiques concernant les anc\u00eatres Jean, Pierre et Laurent Levasseur arriv\u00e9s en Nouvelle-France au 17e si\u00e8cle. Informations, objectifs, activit\u00e9s et rassemblements.\",\"breadcrumb\":{\"@id\":\"https:\\\/\\\/levasseur.org\\\/fr\\\/pierre-levasseur-entrepreneur-maitre-menuisier\\\/#breadcrumb\"},\"inLanguage\":\"fr-FR\",\"potentialAction\":[{\"@type\":\"ReadAction\",\"target\":[\"https:\\\/\\\/levasseur.org\\\/fr\\\/pierre-levasseur-entrepreneur-maitre-menuisier\\\/\"]}]},{\"@type\":\"ImageObject\",\"inLanguage\":\"fr-FR\",\"@id\":\"https:\\\/\\\/levasseur.org\\\/fr\\\/pierre-levasseur-entrepreneur-maitre-menuisier\\\/#primaryimage\",\"url\":\"https:\\\/\\\/levasseur.org\\\/wp-content\\\/uploads\\\/2024\\\/05\\\/20240601_f.jpg\",\"contentUrl\":\"https:\\\/\\\/levasseur.org\\\/wp-content\\\/uploads\\\/2024\\\/05\\\/20240601_f.jpg\"},{\"@type\":\"BreadcrumbList\",\"@id\":\"https:\\\/\\\/levasseur.org\\\/fr\\\/pierre-levasseur-entrepreneur-maitre-menuisier\\\/#breadcrumb\",\"itemListElement\":[{\"@type\":\"ListItem\",\"position\":1,\"name\":\"Accueil\",\"item\":\"https:\\\/\\\/levasseur.org\\\/fr\\\/\"},{\"@type\":\"ListItem\",\"position\":2,\"name\":\"Pierre Levasseur, entrepreneur, ma\u00eetre- menuisier\"}]},{\"@type\":\"WebSite\",\"@id\":\"https:\\\/\\\/levasseur.org\\\/fr\\\/#website\",\"url\":\"https:\\\/\\\/levasseur.org\\\/fr\\\/\",\"name\":\"Familles Levasseur & Carmel\",\"description\":\"Du mieux que je puis\",\"publisher\":{\"@id\":\"https:\\\/\\\/levasseur.org\\\/fr\\\/#organization\"},\"potentialAction\":[{\"@type\":\"SearchAction\",\"target\":{\"@type\":\"EntryPoint\",\"urlTemplate\":\"https:\\\/\\\/levasseur.org\\\/fr\\\/?s={search_term_string}\"},\"query-input\":{\"@type\":\"PropertyValueSpecification\",\"valueRequired\":true,\"valueName\":\"search_term_string\"}}],\"inLanguage\":\"fr-FR\"},{\"@type\":\"Organization\",\"@id\":\"https:\\\/\\\/levasseur.org\\\/fr\\\/#organization\",\"name\":\"Association des Levasseur d'Am\u00e9rique\",\"url\":\"https:\\\/\\\/levasseur.org\\\/fr\\\/\",\"logo\":{\"@type\":\"ImageObject\",\"inLanguage\":\"fr-FR\",\"@id\":\"https:\\\/\\\/levasseur.org\\\/fr\\\/#\\\/schema\\\/logo\\\/image\\\/\",\"url\":\"https:\\\/\\\/levasseur.org\\\/wp-content\\\/uploads\\\/2019\\\/04\\\/blason_nouv.gif\",\"contentUrl\":\"https:\\\/\\\/levasseur.org\\\/wp-content\\\/uploads\\\/2019\\\/04\\\/blason_nouv.gif\",\"width\":500,\"height\":487,\"caption\":\"Association des Levasseur d'Am\u00e9rique\"},\"image\":{\"@id\":\"https:\\\/\\\/levasseur.org\\\/fr\\\/#\\\/schema\\\/logo\\\/image\\\/\"},\"sameAs\":[\"https:\\\/\\\/www.facebook.com\\\/associationlevasseur\"]},{\"@type\":\"Person\",\"@id\":\"https:\\\/\\\/levasseur.org\\\/fr\\\/#\\\/schema\\\/person\\\/08aca2b2e8f0aaeb4fd1ba151d381668\",\"name\":\"Jean-Pierre Levasseur\",\"image\":{\"@type\":\"ImageObject\",\"inLanguage\":\"fr-FR\",\"@id\":\"https:\\\/\\\/secure.gravatar.com\\\/avatar\\\/91886ceaeeed70d2c783c3cecea227e4168c3850ccd56c136a87175ac5756f75?s=96&d=mm&r=g\",\"url\":\"https:\\\/\\\/secure.gravatar.com\\\/avatar\\\/91886ceaeeed70d2c783c3cecea227e4168c3850ccd56c136a87175ac5756f75?s=96&d=mm&r=g\",\"contentUrl\":\"https:\\\/\\\/secure.gravatar.com\\\/avatar\\\/91886ceaeeed70d2c783c3cecea227e4168c3850ccd56c136a87175ac5756f75?s=96&d=mm&r=g\",\"caption\":\"Jean-Pierre Levasseur\"},\"description\":\"B\u00e9n\u00e9vole pour l'Association des Levasseur d'Am\u00e9rique depuis 1995.\",\"url\":\"https:\\\/\\\/levasseur.org\\\/fr\\\/author\\\/admin\\\/\"}]}<\/script>\n<!-- \/ Yoast SEO plugin. -->","yoast_head_json":{"title":"Pierre Levasseur, entrepreneur, ma\u00eetre- menuisier - Familles Levasseur et Carmel","description":"L\u2019Association des Levasseur et Carmel d\u2019Am\u00e9rique vous permet de consulter : documents historiques concernant les anc\u00eatres Jean, Pierre et Laurent Levasseur arriv\u00e9s en Nouvelle-France au 17e si\u00e8cle. Informations, objectifs, activit\u00e9s et rassemblements.","robots":{"index":"index","follow":"follow","max-snippet":"max-snippet:-1","max-image-preview":"max-image-preview:large","max-video-preview":"max-video-preview:-1"},"canonical":"https:\/\/levasseur.org\/fr\/pierre-levasseur-entrepreneur-maitre-menuisier\/","og_locale":"fr_FR","og_type":"article","og_title":"Pierre Levasseur, entrepreneur, ma\u00eetre- menuisier - Familles Levasseur et Carmel","og_description":"L\u2019Association des Levasseur et Carmel d\u2019Am\u00e9rique vous permet de consulter : documents historiques concernant les anc\u00eatres Jean, Pierre et Laurent Levasseur arriv\u00e9s en Nouvelle-France au 17e si\u00e8cle. Informations, objectifs, activit\u00e9s et rassemblements.","og_url":"https:\/\/levasseur.org\/fr\/pierre-levasseur-entrepreneur-maitre-menuisier\/","og_site_name":"Familles Levasseur et Carmel","article_publisher":"https:\/\/www.facebook.com\/associationlevasseur","article_published_time":"2024-05-18T15:19:27+00:00","article_modified_time":"2024-09-08T15:03:34+00:00","og_image":[{"url":"https:\/\/levasseur.org\/wp-content\/uploads\/2024\/05\/20240601_f.jpg","type":"","width":"","height":""}],"author":"Jean-Pierre Levasseur","twitter_card":"summary_large_image","twitter_misc":{"\u00c9crit par":"Jean-Pierre Levasseur"},"schema":{"@context":"https:\/\/schema.org","@graph":[{"@type":"Article","@id":"https:\/\/levasseur.org\/fr\/pierre-levasseur-entrepreneur-maitre-menuisier\/#article","isPartOf":{"@id":"https:\/\/levasseur.org\/fr\/pierre-levasseur-entrepreneur-maitre-menuisier\/"},"author":{"name":"Jean-Pierre Levasseur","@id":"https:\/\/levasseur.org\/fr\/#\/schema\/person\/08aca2b2e8f0aaeb4fd1ba151d381668"},"headline":"Pierre Levasseur, entrepreneur, ma\u00eetre- menuisier","datePublished":"2024-05-18T15:19:27+00:00","dateModified":"2024-09-08T15:03:34+00:00","mainEntityOfPage":{"@id":"https:\/\/levasseur.org\/fr\/pierre-levasseur-entrepreneur-maitre-menuisier\/"},"wordCount":102,"commentCount":0,"publisher":{"@id":"https:\/\/levasseur.org\/fr\/#organization"},"image":{"@id":"https:\/\/levasseur.org\/fr\/pierre-levasseur-entrepreneur-maitre-menuisier\/#primaryimage"},"thumbnailUrl":"https:\/\/levasseur.org\/wp-content\/uploads\/2024\/05\/20240601_f.jpg","articleSection":["Infolettres\/Newsletter"],"inLanguage":"fr-FR","potentialAction":[{"@type":"CommentAction","name":"Comment","target":["https:\/\/levasseur.org\/fr\/pierre-levasseur-entrepreneur-maitre-menuisier\/#respond"]}]},{"@type":"WebPage","@id":"https:\/\/levasseur.org\/fr\/pierre-levasseur-entrepreneur-maitre-menuisier\/","url":"https:\/\/levasseur.org\/fr\/pierre-levasseur-entrepreneur-maitre-menuisier\/","name":"Pierre Levasseur, entrepreneur, ma\u00eetre- menuisier - Familles Levasseur et Carmel","isPartOf":{"@id":"https:\/\/levasseur.org\/fr\/#website"},"primaryImageOfPage":{"@id":"https:\/\/levasseur.org\/fr\/pierre-levasseur-entrepreneur-maitre-menuisier\/#primaryimage"},"image":{"@id":"https:\/\/levasseur.org\/fr\/pierre-levasseur-entrepreneur-maitre-menuisier\/#primaryimage"},"thumbnailUrl":"https:\/\/levasseur.org\/wp-content\/uploads\/2024\/05\/20240601_f.jpg","datePublished":"2024-05-18T15:19:27+00:00","dateModified":"2024-09-08T15:03:34+00:00","description":"L\u2019Association des Levasseur et Carmel d\u2019Am\u00e9rique vous permet de consulter : documents historiques concernant les anc\u00eatres Jean, Pierre et Laurent Levasseur arriv\u00e9s en Nouvelle-France au 17e si\u00e8cle. Informations, objectifs, activit\u00e9s et rassemblements.","breadcrumb":{"@id":"https:\/\/levasseur.org\/fr\/pierre-levasseur-entrepreneur-maitre-menuisier\/#breadcrumb"},"inLanguage":"fr-FR","potentialAction":[{"@type":"ReadAction","target":["https:\/\/levasseur.org\/fr\/pierre-levasseur-entrepreneur-maitre-menuisier\/"]}]},{"@type":"ImageObject","inLanguage":"fr-FR","@id":"https:\/\/levasseur.org\/fr\/pierre-levasseur-entrepreneur-maitre-menuisier\/#primaryimage","url":"https:\/\/levasseur.org\/wp-content\/uploads\/2024\/05\/20240601_f.jpg","contentUrl":"https:\/\/levasseur.org\/wp-content\/uploads\/2024\/05\/20240601_f.jpg"},{"@type":"BreadcrumbList","@id":"https:\/\/levasseur.org\/fr\/pierre-levasseur-entrepreneur-maitre-menuisier\/#breadcrumb","itemListElement":[{"@type":"ListItem","position":1,"name":"Accueil","item":"https:\/\/levasseur.org\/fr\/"},{"@type":"ListItem","position":2,"name":"Pierre Levasseur, entrepreneur, ma\u00eetre- menuisier"}]},{"@type":"WebSite","@id":"https:\/\/levasseur.org\/fr\/#website","url":"https:\/\/levasseur.org\/fr\/","name":"Familles Levasseur & Carmel","description":"Du mieux que je puis","publisher":{"@id":"https:\/\/levasseur.org\/fr\/#organization"},"potentialAction":[{"@type":"SearchAction","target":{"@type":"EntryPoint","urlTemplate":"https:\/\/levasseur.org\/fr\/?s={search_term_string}"},"query-input":{"@type":"PropertyValueSpecification","valueRequired":true,"valueName":"search_term_string"}}],"inLanguage":"fr-FR"},{"@type":"Organization","@id":"https:\/\/levasseur.org\/fr\/#organization","name":"Association des Levasseur d'Am\u00e9rique","url":"https:\/\/levasseur.org\/fr\/","logo":{"@type":"ImageObject","inLanguage":"fr-FR","@id":"https:\/\/levasseur.org\/fr\/#\/schema\/logo\/image\/","url":"https:\/\/levasseur.org\/wp-content\/uploads\/2019\/04\/blason_nouv.gif","contentUrl":"https:\/\/levasseur.org\/wp-content\/uploads\/2019\/04\/blason_nouv.gif","width":500,"height":487,"caption":"Association des Levasseur d'Am\u00e9rique"},"image":{"@id":"https:\/\/levasseur.org\/fr\/#\/schema\/logo\/image\/"},"sameAs":["https:\/\/www.facebook.com\/associationlevasseur"]},{"@type":"Person","@id":"https:\/\/levasseur.org\/fr\/#\/schema\/person\/08aca2b2e8f0aaeb4fd1ba151d381668","name":"Jean-Pierre Levasseur","image":{"@type":"ImageObject","inLanguage":"fr-FR","@id":"https:\/\/secure.gravatar.com\/avatar\/91886ceaeeed70d2c783c3cecea227e4168c3850ccd56c136a87175ac5756f75?s=96&d=mm&r=g","url":"https:\/\/secure.gravatar.com\/avatar\/91886ceaeeed70d2c783c3cecea227e4168c3850ccd56c136a87175ac5756f75?s=96&d=mm&r=g","contentUrl":"https:\/\/secure.gravatar.com\/avatar\/91886ceaeeed70d2c783c3cecea227e4168c3850ccd56c136a87175ac5756f75?s=96&d=mm&r=g","caption":"Jean-Pierre Levasseur"},"description":"B\u00e9n\u00e9vole pour l'Association des Levasseur d'Am\u00e9rique depuis 1995.","url":"https:\/\/levasseur.org\/fr\/author\/admin\/"}]}},"_links":{"self":[{"href":"https:\/\/levasseur.org\/fr\/wp-json\/wp\/v2\/posts\/28008","targetHints":{"allow":["GET"]}}],"collection":[{"href":"https:\/\/levasseur.org\/fr\/wp-json\/wp\/v2\/posts"}],"about":[{"href":"https:\/\/levasseur.org\/fr\/wp-json\/wp\/v2\/types\/post"}],"author":[{"embeddable":true,"href":"https:\/\/levasseur.org\/fr\/wp-json\/wp\/v2\/users\/1"}],"replies":[{"embeddable":true,"href":"https:\/\/levasseur.org\/fr\/wp-json\/wp\/v2\/comments?post=28008"}],"version-history":[{"count":0,"href":"https:\/\/levasseur.org\/fr\/wp-json\/wp\/v2\/posts\/28008\/revisions"}],"wp:attachment":[{"href":"https:\/\/levasseur.org\/fr\/wp-json\/wp\/v2\/media?parent=28008"}],"wp:term":[{"taxonomy":"category","embeddable":true,"href":"https:\/\/levasseur.org\/fr\/wp-json\/wp\/v2\/categories?post=28008"},{"taxonomy":"post_tag","embeddable":true,"href":"https:\/\/levasseur.org\/fr\/wp-json\/wp\/v2\/tags?post=28008"}],"curies":[{"name":"wp","href":"https:\/\/api.w.org\/{rel}","templated":true}]}}