{"id":27893,"date":"2024-03-18T08:27:14","date_gmt":"2024-03-18T12:27:14","guid":{"rendered":"https:\/\/levasseur.org\/?p=27893"},"modified":"2024-03-18T09:43:14","modified_gmt":"2024-03-18T13:43:14","slug":"pour-poursuivre-nos-activites-nous-avons-besoin-de-votre-appui","status":"publish","type":"post","link":"https:\/\/levasseur.org\/fr\/pour-poursuivre-nos-activites-nous-avons-besoin-de-votre-appui\/","title":{"rendered":"Pour poursuivre nos activit\u00e9s , nous avons besoin de votre appui !!"},"content":{"rendered":"<p>Chaque ann\u00e9e, pr\u00e8s de 150 personnes (membres) soutiennent notre travail. Vous faites partie de ces personnes qui ont \u00e9t\u00e9 membres de notre Association \u00e0 un moment ou \u00e0 un autre et je tiens \u00e0 vous en remercier chaleureusement.<\/p>\n<p>Je suis heureux que, vous aussi, vous pensiez qu\u2019on peut utiliser la puissance de l\u2019internet pour diffuser des informations g\u00e9n\u00e9alogiques sur les familles Levasseur et Carmel. Nous y parviendrons, non pas en restant chacun de son c\u00f4t\u00e9, mais en nous rassemblant au sein d\u2019un mouvement collaboratif de qu\u00eate de diffuser toutes ces informations.<\/p>\n<p>Nous apporterez-vous \u00e0 nouveau votre soutien en renouvelant votre membership (aussi peu que 20$ par ann\u00e9e) ? \u2028\u2028L\u2019acc\u00e8s \u00e0 notre site Web et \u00e0 nos archives n\u2019est pas payant, mais cela ne veut pas dire que nous n\u2019avons pas besoin du soutien de nos supporteurs.<\/p>\n<p>Nous n\u2019envoyons pas de nombreux courriels d\u2019appel aux dons, et nous ne vous demandons qu\u2019un seul don cette ann\u00e9e, par le biais d\u2019une adh\u00e9sion, pour que vos b\u00e9n\u00e9voles puissent continuer d\u2019avancer et d\u2019apporter leurs contribution \u00e0 l\u2019Histoire de nos familles. \u2028\u2028Notre organisation est \u00e0 but non lucratif. Nous ne tirons pas profit du membership de notre association.<\/p>\n<p>Vous \u00eates notre famille, notre raison d\u2019\u00eatre. Le sort de notre association repose entre vos mains. \u2028\u2028Ce sont des gens comme vous qui pr\u00e9servent notre mission \u00e0 but non lucratif. Vous contribuez \u00e0 maintenir notre int\u00e9grit\u00e9, notre qualit\u00e9 et notre accessibilit\u00e9.<\/p>\n<p>Vous pouvez contacter le responsable du maintien de notre membership si vous avez des questions, Gilles Carmel (membership@levasseur.org)<\/p>\n<p>Jean-Pierre Levasseur, webmestre<br \/>\n(jean-pierre@levasseur.org)<\/p>\n","protected":false},"excerpt":{"rendered":"<p>Chaque ann\u00e9e, pr\u00e8s de 150 personnes (membres) soutiennent notre travail.  [&#8230;]<\/p>\n","protected":false},"author":1,"featured_media":0,"comment_status":"open","ping_status":"open","sticky":false,"template":"","format":"standard","meta":{"footnotes":""},"categories":[94],"tags":[],"class_list":["post-27893","post","type-post","status-publish","format-standard","hentry","category-actualites-news"],"yoast_head":"<!-- This site is optimized with the Yoast SEO plugin v27.4 - https:\/\/yoast.com\/product\/yoast-seo-wordpress\/ -->\n<title>Pour poursuivre nos activit\u00e9s , nous avons besoin de votre appui !! - Familles Levasseur et Carmel<\/title>\n<meta name=\"description\" content=\"L\u2019Association des Levasseur et Carmel d\u2019Am\u00e9rique vous permet de consulter : documents historiques concernant les anc\u00eatres Jean, Pierre et Laurent Levasseur arriv\u00e9s en Nouvelle-France au 17e si\u00e8cle. Informations, objectifs, activit\u00e9s et rassemblements.\" \/>\n<meta name=\"robots\" content=\"index, follow, max-snippet:-1, max-image-preview:large, max-video-preview:-1\" \/>\n<link rel=\"canonical\" href=\"https:\/\/levasseur.org\/fr\/pour-poursuivre-nos-activites-nous-avons-besoin-de-votre-appui\/\" \/>\n<meta property=\"og:locale\" content=\"fr_FR\" \/>\n<meta property=\"og:type\" content=\"article\" \/>\n<meta property=\"og:title\" content=\"Pour poursuivre nos activit\u00e9s , nous avons besoin de votre appui !! - Familles Levasseur et Carmel\" \/>\n<meta property=\"og:description\" content=\"L\u2019Association des Levasseur et Carmel d\u2019Am\u00e9rique vous permet de consulter : documents historiques concernant les anc\u00eatres Jean, Pierre et Laurent Levasseur arriv\u00e9s en Nouvelle-France au 17e si\u00e8cle. Informations, objectifs, activit\u00e9s et rassemblements.\" \/>\n<meta property=\"og:url\" content=\"https:\/\/levasseur.org\/fr\/pour-poursuivre-nos-activites-nous-avons-besoin-de-votre-appui\/\" \/>\n<meta property=\"og:site_name\" content=\"Familles Levasseur et Carmel\" \/>\n<meta property=\"article:publisher\" content=\"https:\/\/www.facebook.com\/associationlevasseur\" \/>\n<meta property=\"article:published_time\" content=\"2024-03-18T12:27:14+00:00\" \/>\n<meta property=\"article:modified_time\" content=\"2024-03-18T13:43:14+00:00\" \/>\n<meta name=\"author\" content=\"Jean-Pierre Levasseur\" \/>\n<meta name=\"twitter:card\" content=\"summary_large_image\" \/>\n<meta name=\"twitter:label1\" content=\"\u00c9crit par\" \/>\n\t<meta name=\"twitter:data1\" content=\"Jean-Pierre Levasseur\" \/>\n\t<meta name=\"twitter:label2\" content=\"Dur\u00e9e de lecture estim\u00e9e\" \/>\n\t<meta name=\"twitter:data2\" content=\"1 minute\" \/>\n<script type=\"application\/ld+json\" class=\"yoast-schema-graph\">{\"@context\":\"https:\\\/\\\/schema.org\",\"@graph\":[{\"@type\":\"Article\",\"@id\":\"https:\\\/\\\/levasseur.org\\\/fr\\\/pour-poursuivre-nos-activites-nous-avons-besoin-de-votre-appui\\\/#article\",\"isPartOf\":{\"@id\":\"https:\\\/\\\/levasseur.org\\\/fr\\\/pour-poursuivre-nos-activites-nous-avons-besoin-de-votre-appui\\\/\"},\"author\":{\"name\":\"Jean-Pierre Levasseur\",\"@id\":\"https:\\\/\\\/levasseur.org\\\/fr\\\/#\\\/schema\\\/person\\\/08aca2b2e8f0aaeb4fd1ba151d381668\"},\"headline\":\"Pour poursuivre nos activit\u00e9s , nous avons besoin de votre appui !!\",\"datePublished\":\"2024-03-18T12:27:14+00:00\",\"dateModified\":\"2024-03-18T13:43:14+00:00\",\"mainEntityOfPage\":{\"@id\":\"https:\\\/\\\/levasseur.org\\\/fr\\\/pour-poursuivre-nos-activites-nous-avons-besoin-de-votre-appui\\\/\"},\"wordCount\":286,\"commentCount\":0,\"publisher\":{\"@id\":\"https:\\\/\\\/levasseur.org\\\/fr\\\/#organization\"},\"articleSection\":[\"Actualit\u00e9s\\\/News\"],\"inLanguage\":\"fr-FR\",\"potentialAction\":[{\"@type\":\"CommentAction\",\"name\":\"Comment\",\"target\":[\"https:\\\/\\\/levasseur.org\\\/fr\\\/pour-poursuivre-nos-activites-nous-avons-besoin-de-votre-appui\\\/#respond\"]}]},{\"@type\":\"WebPage\",\"@id\":\"https:\\\/\\\/levasseur.org\\\/fr\\\/pour-poursuivre-nos-activites-nous-avons-besoin-de-votre-appui\\\/\",\"url\":\"https:\\\/\\\/levasseur.org\\\/fr\\\/pour-poursuivre-nos-activites-nous-avons-besoin-de-votre-appui\\\/\",\"name\":\"Pour poursuivre nos activit\u00e9s , nous avons besoin de votre appui !! - Familles Levasseur et Carmel\",\"isPartOf\":{\"@id\":\"https:\\\/\\\/levasseur.org\\\/fr\\\/#website\"},\"datePublished\":\"2024-03-18T12:27:14+00:00\",\"dateModified\":\"2024-03-18T13:43:14+00:00\",\"description\":\"L\u2019Association des Levasseur et Carmel d\u2019Am\u00e9rique vous permet de consulter : documents historiques concernant les anc\u00eatres Jean, Pierre et Laurent Levasseur arriv\u00e9s en Nouvelle-France au 17e si\u00e8cle. Informations, objectifs, activit\u00e9s et rassemblements.\",\"breadcrumb\":{\"@id\":\"https:\\\/\\\/levasseur.org\\\/fr\\\/pour-poursuivre-nos-activites-nous-avons-besoin-de-votre-appui\\\/#breadcrumb\"},\"inLanguage\":\"fr-FR\",\"potentialAction\":[{\"@type\":\"ReadAction\",\"target\":[\"https:\\\/\\\/levasseur.org\\\/fr\\\/pour-poursuivre-nos-activites-nous-avons-besoin-de-votre-appui\\\/\"]}]},{\"@type\":\"BreadcrumbList\",\"@id\":\"https:\\\/\\\/levasseur.org\\\/fr\\\/pour-poursuivre-nos-activites-nous-avons-besoin-de-votre-appui\\\/#breadcrumb\",\"itemListElement\":[{\"@type\":\"ListItem\",\"position\":1,\"name\":\"Accueil\",\"item\":\"https:\\\/\\\/levasseur.org\\\/fr\\\/\"},{\"@type\":\"ListItem\",\"position\":2,\"name\":\"Pour poursuivre nos activit\u00e9s , nous avons besoin de votre appui !!\"}]},{\"@type\":\"WebSite\",\"@id\":\"https:\\\/\\\/levasseur.org\\\/fr\\\/#website\",\"url\":\"https:\\\/\\\/levasseur.org\\\/fr\\\/\",\"name\":\"Familles Levasseur & Carmel\",\"description\":\"Du mieux que je puis\",\"publisher\":{\"@id\":\"https:\\\/\\\/levasseur.org\\\/fr\\\/#organization\"},\"potentialAction\":[{\"@type\":\"SearchAction\",\"target\":{\"@type\":\"EntryPoint\",\"urlTemplate\":\"https:\\\/\\\/levasseur.org\\\/fr\\\/?s={search_term_string}\"},\"query-input\":{\"@type\":\"PropertyValueSpecification\",\"valueRequired\":true,\"valueName\":\"search_term_string\"}}],\"inLanguage\":\"fr-FR\"},{\"@type\":\"Organization\",\"@id\":\"https:\\\/\\\/levasseur.org\\\/fr\\\/#organization\",\"name\":\"Association des Levasseur d'Am\u00e9rique\",\"url\":\"https:\\\/\\\/levasseur.org\\\/fr\\\/\",\"logo\":{\"@type\":\"ImageObject\",\"inLanguage\":\"fr-FR\",\"@id\":\"https:\\\/\\\/levasseur.org\\\/fr\\\/#\\\/schema\\\/logo\\\/image\\\/\",\"url\":\"https:\\\/\\\/levasseur.org\\\/wp-content\\\/uploads\\\/2019\\\/04\\\/blason_nouv.gif\",\"contentUrl\":\"https:\\\/\\\/levasseur.org\\\/wp-content\\\/uploads\\\/2019\\\/04\\\/blason_nouv.gif\",\"width\":500,\"height\":487,\"caption\":\"Association des Levasseur d'Am\u00e9rique\"},\"image\":{\"@id\":\"https:\\\/\\\/levasseur.org\\\/fr\\\/#\\\/schema\\\/logo\\\/image\\\/\"},\"sameAs\":[\"https:\\\/\\\/www.facebook.com\\\/associationlevasseur\"]},{\"@type\":\"Person\",\"@id\":\"https:\\\/\\\/levasseur.org\\\/fr\\\/#\\\/schema\\\/person\\\/08aca2b2e8f0aaeb4fd1ba151d381668\",\"name\":\"Jean-Pierre Levasseur\",\"image\":{\"@type\":\"ImageObject\",\"inLanguage\":\"fr-FR\",\"@id\":\"https:\\\/\\\/secure.gravatar.com\\\/avatar\\\/91886ceaeeed70d2c783c3cecea227e4168c3850ccd56c136a87175ac5756f75?s=96&d=mm&r=g\",\"url\":\"https:\\\/\\\/secure.gravatar.com\\\/avatar\\\/91886ceaeeed70d2c783c3cecea227e4168c3850ccd56c136a87175ac5756f75?s=96&d=mm&r=g\",\"contentUrl\":\"https:\\\/\\\/secure.gravatar.com\\\/avatar\\\/91886ceaeeed70d2c783c3cecea227e4168c3850ccd56c136a87175ac5756f75?s=96&d=mm&r=g\",\"caption\":\"Jean-Pierre Levasseur\"},\"description\":\"B\u00e9n\u00e9vole pour l'Association des Levasseur d'Am\u00e9rique depuis 1995.\",\"url\":\"https:\\\/\\\/levasseur.org\\\/fr\\\/author\\\/admin\\\/\"}]}<\/script>\n<!-- \/ Yoast SEO plugin. -->","yoast_head_json":{"title":"Pour poursuivre nos activit\u00e9s , nous avons besoin de votre appui !! - Familles Levasseur et Carmel","description":"L\u2019Association des Levasseur et Carmel d\u2019Am\u00e9rique vous permet de consulter : documents historiques concernant les anc\u00eatres Jean, Pierre et Laurent Levasseur arriv\u00e9s en Nouvelle-France au 17e si\u00e8cle. Informations, objectifs, activit\u00e9s et rassemblements.","robots":{"index":"index","follow":"follow","max-snippet":"max-snippet:-1","max-image-preview":"max-image-preview:large","max-video-preview":"max-video-preview:-1"},"canonical":"https:\/\/levasseur.org\/fr\/pour-poursuivre-nos-activites-nous-avons-besoin-de-votre-appui\/","og_locale":"fr_FR","og_type":"article","og_title":"Pour poursuivre nos activit\u00e9s , nous avons besoin de votre appui !! - Familles Levasseur et Carmel","og_description":"L\u2019Association des Levasseur et Carmel d\u2019Am\u00e9rique vous permet de consulter : documents historiques concernant les anc\u00eatres Jean, Pierre et Laurent Levasseur arriv\u00e9s en Nouvelle-France au 17e si\u00e8cle. Informations, objectifs, activit\u00e9s et rassemblements.","og_url":"https:\/\/levasseur.org\/fr\/pour-poursuivre-nos-activites-nous-avons-besoin-de-votre-appui\/","og_site_name":"Familles Levasseur et Carmel","article_publisher":"https:\/\/www.facebook.com\/associationlevasseur","article_published_time":"2024-03-18T12:27:14+00:00","article_modified_time":"2024-03-18T13:43:14+00:00","author":"Jean-Pierre Levasseur","twitter_card":"summary_large_image","twitter_misc":{"\u00c9crit par":"Jean-Pierre Levasseur","Dur\u00e9e de lecture estim\u00e9e":"1 minute"},"schema":{"@context":"https:\/\/schema.org","@graph":[{"@type":"Article","@id":"https:\/\/levasseur.org\/fr\/pour-poursuivre-nos-activites-nous-avons-besoin-de-votre-appui\/#article","isPartOf":{"@id":"https:\/\/levasseur.org\/fr\/pour-poursuivre-nos-activites-nous-avons-besoin-de-votre-appui\/"},"author":{"name":"Jean-Pierre Levasseur","@id":"https:\/\/levasseur.org\/fr\/#\/schema\/person\/08aca2b2e8f0aaeb4fd1ba151d381668"},"headline":"Pour poursuivre nos activit\u00e9s , nous avons besoin de votre appui !!","datePublished":"2024-03-18T12:27:14+00:00","dateModified":"2024-03-18T13:43:14+00:00","mainEntityOfPage":{"@id":"https:\/\/levasseur.org\/fr\/pour-poursuivre-nos-activites-nous-avons-besoin-de-votre-appui\/"},"wordCount":286,"commentCount":0,"publisher":{"@id":"https:\/\/levasseur.org\/fr\/#organization"},"articleSection":["Actualit\u00e9s\/News"],"inLanguage":"fr-FR","potentialAction":[{"@type":"CommentAction","name":"Comment","target":["https:\/\/levasseur.org\/fr\/pour-poursuivre-nos-activites-nous-avons-besoin-de-votre-appui\/#respond"]}]},{"@type":"WebPage","@id":"https:\/\/levasseur.org\/fr\/pour-poursuivre-nos-activites-nous-avons-besoin-de-votre-appui\/","url":"https:\/\/levasseur.org\/fr\/pour-poursuivre-nos-activites-nous-avons-besoin-de-votre-appui\/","name":"Pour poursuivre nos activit\u00e9s , nous avons besoin de votre appui !! - Familles Levasseur et Carmel","isPartOf":{"@id":"https:\/\/levasseur.org\/fr\/#website"},"datePublished":"2024-03-18T12:27:14+00:00","dateModified":"2024-03-18T13:43:14+00:00","description":"L\u2019Association des Levasseur et Carmel d\u2019Am\u00e9rique vous permet de consulter : documents historiques concernant les anc\u00eatres Jean, Pierre et Laurent Levasseur arriv\u00e9s en Nouvelle-France au 17e si\u00e8cle. Informations, objectifs, activit\u00e9s et rassemblements.","breadcrumb":{"@id":"https:\/\/levasseur.org\/fr\/pour-poursuivre-nos-activites-nous-avons-besoin-de-votre-appui\/#breadcrumb"},"inLanguage":"fr-FR","potentialAction":[{"@type":"ReadAction","target":["https:\/\/levasseur.org\/fr\/pour-poursuivre-nos-activites-nous-avons-besoin-de-votre-appui\/"]}]},{"@type":"BreadcrumbList","@id":"https:\/\/levasseur.org\/fr\/pour-poursuivre-nos-activites-nous-avons-besoin-de-votre-appui\/#breadcrumb","itemListElement":[{"@type":"ListItem","position":1,"name":"Accueil","item":"https:\/\/levasseur.org\/fr\/"},{"@type":"ListItem","position":2,"name":"Pour poursuivre nos activit\u00e9s , nous avons besoin de votre appui !!"}]},{"@type":"WebSite","@id":"https:\/\/levasseur.org\/fr\/#website","url":"https:\/\/levasseur.org\/fr\/","name":"Familles Levasseur & Carmel","description":"Du mieux que je puis","publisher":{"@id":"https:\/\/levasseur.org\/fr\/#organization"},"potentialAction":[{"@type":"SearchAction","target":{"@type":"EntryPoint","urlTemplate":"https:\/\/levasseur.org\/fr\/?s={search_term_string}"},"query-input":{"@type":"PropertyValueSpecification","valueRequired":true,"valueName":"search_term_string"}}],"inLanguage":"fr-FR"},{"@type":"Organization","@id":"https:\/\/levasseur.org\/fr\/#organization","name":"Association des Levasseur d'Am\u00e9rique","url":"https:\/\/levasseur.org\/fr\/","logo":{"@type":"ImageObject","inLanguage":"fr-FR","@id":"https:\/\/levasseur.org\/fr\/#\/schema\/logo\/image\/","url":"https:\/\/levasseur.org\/wp-content\/uploads\/2019\/04\/blason_nouv.gif","contentUrl":"https:\/\/levasseur.org\/wp-content\/uploads\/2019\/04\/blason_nouv.gif","width":500,"height":487,"caption":"Association des Levasseur d'Am\u00e9rique"},"image":{"@id":"https:\/\/levasseur.org\/fr\/#\/schema\/logo\/image\/"},"sameAs":["https:\/\/www.facebook.com\/associationlevasseur"]},{"@type":"Person","@id":"https:\/\/levasseur.org\/fr\/#\/schema\/person\/08aca2b2e8f0aaeb4fd1ba151d381668","name":"Jean-Pierre Levasseur","image":{"@type":"ImageObject","inLanguage":"fr-FR","@id":"https:\/\/secure.gravatar.com\/avatar\/91886ceaeeed70d2c783c3cecea227e4168c3850ccd56c136a87175ac5756f75?s=96&d=mm&r=g","url":"https:\/\/secure.gravatar.com\/avatar\/91886ceaeeed70d2c783c3cecea227e4168c3850ccd56c136a87175ac5756f75?s=96&d=mm&r=g","contentUrl":"https:\/\/secure.gravatar.com\/avatar\/91886ceaeeed70d2c783c3cecea227e4168c3850ccd56c136a87175ac5756f75?s=96&d=mm&r=g","caption":"Jean-Pierre Levasseur"},"description":"B\u00e9n\u00e9vole pour l'Association des Levasseur d'Am\u00e9rique depuis 1995.","url":"https:\/\/levasseur.org\/fr\/author\/admin\/"}]}},"_links":{"self":[{"href":"https:\/\/levasseur.org\/fr\/wp-json\/wp\/v2\/posts\/27893","targetHints":{"allow":["GET"]}}],"collection":[{"href":"https:\/\/levasseur.org\/fr\/wp-json\/wp\/v2\/posts"}],"about":[{"href":"https:\/\/levasseur.org\/fr\/wp-json\/wp\/v2\/types\/post"}],"author":[{"embeddable":true,"href":"https:\/\/levasseur.org\/fr\/wp-json\/wp\/v2\/users\/1"}],"replies":[{"embeddable":true,"href":"https:\/\/levasseur.org\/fr\/wp-json\/wp\/v2\/comments?post=27893"}],"version-history":[{"count":0,"href":"https:\/\/levasseur.org\/fr\/wp-json\/wp\/v2\/posts\/27893\/revisions"}],"wp:attachment":[{"href":"https:\/\/levasseur.org\/fr\/wp-json\/wp\/v2\/media?parent=27893"}],"wp:term":[{"taxonomy":"category","embeddable":true,"href":"https:\/\/levasseur.org\/fr\/wp-json\/wp\/v2\/categories?post=27893"},{"taxonomy":"post_tag","embeddable":true,"href":"https:\/\/levasseur.org\/fr\/wp-json\/wp\/v2\/tags?post=27893"}],"curies":[{"name":"wp","href":"https:\/\/api.w.org\/{rel}","templated":true}]}}