{"id":27772,"date":"2024-02-09T10:11:51","date_gmt":"2024-02-09T15:11:51","guid":{"rendered":"https:\/\/levasseur.org\/?p=27772"},"modified":"2024-03-18T09:47:41","modified_gmt":"2024-03-18T13:47:41","slug":"tout-un-travail-nouveau-site-web-sur-irma-levasseur","status":"publish","type":"post","link":"https:\/\/levasseur.org\/fr\/tout-un-travail-nouveau-site-web-sur-irma-levasseur\/","title":{"rendered":"Tout un travail ! Nouveau site Web sur Irma LeVasseur"},"content":{"rendered":"<p><a href=\"https:\/\/irma.levasseur.org\"><img decoding=\"async\" class=\"alignleft wp-image-27765\" src=\"https:\/\/levasseur.org\/wp-content\/uploads\/2024\/02\/Capture-decran-le-2024-02-07-a-18.26.44.jpg\" alt=\"\" width=\"259\" height=\"332\" srcset=\"https:\/\/levasseur.org\/wp-content\/uploads\/2024\/02\/Capture-decran-le-2024-02-07-a-18.26.44-200x256.jpg 200w, https:\/\/levasseur.org\/wp-content\/uploads\/2024\/02\/Capture-decran-le-2024-02-07-a-18.26.44-234x300.jpg 234w, https:\/\/levasseur.org\/wp-content\/uploads\/2024\/02\/Capture-decran-le-2024-02-07-a-18.26.44-400x513.jpg 400w, https:\/\/levasseur.org\/wp-content\/uploads\/2024\/02\/Capture-decran-le-2024-02-07-a-18.26.44-600x769.jpg 600w, https:\/\/levasseur.org\/wp-content\/uploads\/2024\/02\/Capture-decran-le-2024-02-07-a-18.26.44-768x985.jpg 768w, https:\/\/levasseur.org\/wp-content\/uploads\/2024\/02\/Capture-decran-le-2024-02-07-a-18.26.44-799x1024.jpg 799w, https:\/\/levasseur.org\/wp-content\/uploads\/2024\/02\/Capture-decran-le-2024-02-07-a-18.26.44-800x1026.jpg 800w, https:\/\/levasseur.org\/wp-content\/uploads\/2024\/02\/Capture-decran-le-2024-02-07-a-18.26.44-1198x1536.jpg 1198w, https:\/\/levasseur.org\/wp-content\/uploads\/2024\/02\/Capture-decran-le-2024-02-07-a-18.26.44-1200x1539.jpg 1200w, https:\/\/levasseur.org\/wp-content\/uploads\/2024\/02\/Capture-decran-le-2024-02-07-a-18.26.44.jpg 1254w\" sizes=\"(max-width: 259px) 100vw, 259px\" \/><\/a><\/p>\n<p><a href=\"https:\/\/irma.levasseur.org\" target=\"_blank\" rel=\"noopener\">https:\/\/irma.levasseur.org<\/a><\/p>\n<p>Le site Web d\u00e9di\u00e9 \u00e0 Irma LeVasseur a compl\u00e8tement \u00e9t\u00e9 refait. Il regroupe plusieurs donn\u00e9es in\u00e9dites sur la vie de la Dre LeVasseur, des copies d\u2019archives de recensement, sa g\u00e9n\u00e9alogie ascendante vers les anc\u00eatres Laurent Levasseur et Marie Marchand, des liens vers des vid\u00e9os, des romans historiques portant sur Irma et bien d\u2019autres documents. L\u2019Association a entrepris plusieurs actions pour la reconnaissance de la Dre LeVasseur. La r\u00e9alisation de ce site a demand\u00e9 des dizaines d\u2019heures travail de vos b\u00e9n\u00e9voles pour effectuer les recherches, les corrections et le montage des \u00e9l\u00e9ments. Bonne consultation !<\/p>\n","protected":false},"excerpt":{"rendered":"<p>https:\/\/irma.levasseur.org Le site Web d\u00e9di\u00e9 \u00e0 Irma LeVasseur a compl\u00e8tement  [&#8230;]<\/p>\n","protected":false},"author":1,"featured_media":0,"comment_status":"open","ping_status":"open","sticky":false,"template":"","format":"standard","meta":{"footnotes":""},"categories":[94],"tags":[],"class_list":["post-27772","post","type-post","status-publish","format-standard","hentry","category-actualites-news"],"yoast_head":"<!-- This site is optimized with the Yoast SEO plugin v27.4 - https:\/\/yoast.com\/product\/yoast-seo-wordpress\/ -->\n<title>Tout un travail ! Nouveau site Web sur Irma LeVasseur - Familles Levasseur et Carmel<\/title>\n<meta name=\"description\" content=\"L\u2019Association des Levasseur et Carmel d\u2019Am\u00e9rique vous permet de consulter : documents historiques concernant les anc\u00eatres Jean, Pierre et Laurent Levasseur arriv\u00e9s en Nouvelle-France au 17e si\u00e8cle. Informations, objectifs, activit\u00e9s et rassemblements.\" \/>\n<meta name=\"robots\" content=\"index, follow, max-snippet:-1, max-image-preview:large, max-video-preview:-1\" \/>\n<link rel=\"canonical\" href=\"https:\/\/levasseur.org\/fr\/tout-un-travail-nouveau-site-web-sur-irma-levasseur\/\" \/>\n<meta property=\"og:locale\" content=\"fr_FR\" \/>\n<meta property=\"og:type\" content=\"article\" \/>\n<meta property=\"og:title\" content=\"Tout un travail ! Nouveau site Web sur Irma LeVasseur - Familles Levasseur et Carmel\" \/>\n<meta property=\"og:description\" content=\"L\u2019Association des Levasseur et Carmel d\u2019Am\u00e9rique vous permet de consulter : documents historiques concernant les anc\u00eatres Jean, Pierre et Laurent Levasseur arriv\u00e9s en Nouvelle-France au 17e si\u00e8cle. Informations, objectifs, activit\u00e9s et rassemblements.\" \/>\n<meta property=\"og:url\" content=\"https:\/\/levasseur.org\/fr\/tout-un-travail-nouveau-site-web-sur-irma-levasseur\/\" \/>\n<meta property=\"og:site_name\" content=\"Familles Levasseur et Carmel\" \/>\n<meta property=\"article:publisher\" content=\"https:\/\/www.facebook.com\/associationlevasseur\" \/>\n<meta property=\"article:published_time\" content=\"2024-02-09T15:11:51+00:00\" \/>\n<meta property=\"article:modified_time\" content=\"2024-03-18T13:47:41+00:00\" \/>\n<meta property=\"og:image\" content=\"https:\/\/levasseur.org\/wp-content\/uploads\/2024\/02\/Capture-decran-le-2024-02-07-a-18.26.44.jpg\" \/>\n<meta name=\"author\" content=\"Jean-Pierre Levasseur\" \/>\n<meta name=\"twitter:card\" content=\"summary_large_image\" \/>\n<meta name=\"twitter:label1\" content=\"\u00c9crit par\" \/>\n\t<meta name=\"twitter:data1\" content=\"Jean-Pierre Levasseur\" \/>\n\t<meta name=\"twitter:label2\" content=\"Dur\u00e9e de lecture estim\u00e9e\" \/>\n\t<meta name=\"twitter:data2\" content=\"1 minute\" \/>\n<script type=\"application\/ld+json\" class=\"yoast-schema-graph\">{\"@context\":\"https:\\\/\\\/schema.org\",\"@graph\":[{\"@type\":\"Article\",\"@id\":\"https:\\\/\\\/levasseur.org\\\/fr\\\/tout-un-travail-nouveau-site-web-sur-irma-levasseur\\\/#article\",\"isPartOf\":{\"@id\":\"https:\\\/\\\/levasseur.org\\\/fr\\\/tout-un-travail-nouveau-site-web-sur-irma-levasseur\\\/\"},\"author\":{\"name\":\"Jean-Pierre Levasseur\",\"@id\":\"https:\\\/\\\/levasseur.org\\\/fr\\\/#\\\/schema\\\/person\\\/08aca2b2e8f0aaeb4fd1ba151d381668\"},\"headline\":\"Tout un travail ! Nouveau site Web sur Irma LeVasseur\",\"datePublished\":\"2024-02-09T15:11:51+00:00\",\"dateModified\":\"2024-03-18T13:47:41+00:00\",\"mainEntityOfPage\":{\"@id\":\"https:\\\/\\\/levasseur.org\\\/fr\\\/tout-un-travail-nouveau-site-web-sur-irma-levasseur\\\/\"},\"wordCount\":121,\"commentCount\":0,\"publisher\":{\"@id\":\"https:\\\/\\\/levasseur.org\\\/fr\\\/#organization\"},\"image\":{\"@id\":\"https:\\\/\\\/levasseur.org\\\/fr\\\/tout-un-travail-nouveau-site-web-sur-irma-levasseur\\\/#primaryimage\"},\"thumbnailUrl\":\"https:\\\/\\\/levasseur.org\\\/wp-content\\\/uploads\\\/2024\\\/02\\\/Capture-decran-le-2024-02-07-a-18.26.44.jpg\",\"articleSection\":[\"Actualit\u00e9s\\\/News\"],\"inLanguage\":\"fr-FR\",\"potentialAction\":[{\"@type\":\"CommentAction\",\"name\":\"Comment\",\"target\":[\"https:\\\/\\\/levasseur.org\\\/fr\\\/tout-un-travail-nouveau-site-web-sur-irma-levasseur\\\/#respond\"]}]},{\"@type\":\"WebPage\",\"@id\":\"https:\\\/\\\/levasseur.org\\\/fr\\\/tout-un-travail-nouveau-site-web-sur-irma-levasseur\\\/\",\"url\":\"https:\\\/\\\/levasseur.org\\\/fr\\\/tout-un-travail-nouveau-site-web-sur-irma-levasseur\\\/\",\"name\":\"Tout un travail ! Nouveau site Web sur Irma LeVasseur - Familles Levasseur et Carmel\",\"isPartOf\":{\"@id\":\"https:\\\/\\\/levasseur.org\\\/fr\\\/#website\"},\"primaryImageOfPage\":{\"@id\":\"https:\\\/\\\/levasseur.org\\\/fr\\\/tout-un-travail-nouveau-site-web-sur-irma-levasseur\\\/#primaryimage\"},\"image\":{\"@id\":\"https:\\\/\\\/levasseur.org\\\/fr\\\/tout-un-travail-nouveau-site-web-sur-irma-levasseur\\\/#primaryimage\"},\"thumbnailUrl\":\"https:\\\/\\\/levasseur.org\\\/wp-content\\\/uploads\\\/2024\\\/02\\\/Capture-decran-le-2024-02-07-a-18.26.44.jpg\",\"datePublished\":\"2024-02-09T15:11:51+00:00\",\"dateModified\":\"2024-03-18T13:47:41+00:00\",\"description\":\"L\u2019Association des Levasseur et Carmel d\u2019Am\u00e9rique vous permet de consulter : documents historiques concernant les anc\u00eatres Jean, Pierre et Laurent Levasseur arriv\u00e9s en Nouvelle-France au 17e si\u00e8cle. Informations, objectifs, activit\u00e9s et rassemblements.\",\"breadcrumb\":{\"@id\":\"https:\\\/\\\/levasseur.org\\\/fr\\\/tout-un-travail-nouveau-site-web-sur-irma-levasseur\\\/#breadcrumb\"},\"inLanguage\":\"fr-FR\",\"potentialAction\":[{\"@type\":\"ReadAction\",\"target\":[\"https:\\\/\\\/levasseur.org\\\/fr\\\/tout-un-travail-nouveau-site-web-sur-irma-levasseur\\\/\"]}]},{\"@type\":\"ImageObject\",\"inLanguage\":\"fr-FR\",\"@id\":\"https:\\\/\\\/levasseur.org\\\/fr\\\/tout-un-travail-nouveau-site-web-sur-irma-levasseur\\\/#primaryimage\",\"url\":\"https:\\\/\\\/levasseur.org\\\/wp-content\\\/uploads\\\/2024\\\/02\\\/Capture-decran-le-2024-02-07-a-18.26.44.jpg\",\"contentUrl\":\"https:\\\/\\\/levasseur.org\\\/wp-content\\\/uploads\\\/2024\\\/02\\\/Capture-decran-le-2024-02-07-a-18.26.44.jpg\"},{\"@type\":\"BreadcrumbList\",\"@id\":\"https:\\\/\\\/levasseur.org\\\/fr\\\/tout-un-travail-nouveau-site-web-sur-irma-levasseur\\\/#breadcrumb\",\"itemListElement\":[{\"@type\":\"ListItem\",\"position\":1,\"name\":\"Accueil\",\"item\":\"https:\\\/\\\/levasseur.org\\\/fr\\\/\"},{\"@type\":\"ListItem\",\"position\":2,\"name\":\"Tout un travail ! Nouveau site Web sur Irma LeVasseur\"}]},{\"@type\":\"WebSite\",\"@id\":\"https:\\\/\\\/levasseur.org\\\/fr\\\/#website\",\"url\":\"https:\\\/\\\/levasseur.org\\\/fr\\\/\",\"name\":\"Familles Levasseur & Carmel\",\"description\":\"Du mieux que je puis\",\"publisher\":{\"@id\":\"https:\\\/\\\/levasseur.org\\\/fr\\\/#organization\"},\"potentialAction\":[{\"@type\":\"SearchAction\",\"target\":{\"@type\":\"EntryPoint\",\"urlTemplate\":\"https:\\\/\\\/levasseur.org\\\/fr\\\/?s={search_term_string}\"},\"query-input\":{\"@type\":\"PropertyValueSpecification\",\"valueRequired\":true,\"valueName\":\"search_term_string\"}}],\"inLanguage\":\"fr-FR\"},{\"@type\":\"Organization\",\"@id\":\"https:\\\/\\\/levasseur.org\\\/fr\\\/#organization\",\"name\":\"Association des Levasseur d'Am\u00e9rique\",\"url\":\"https:\\\/\\\/levasseur.org\\\/fr\\\/\",\"logo\":{\"@type\":\"ImageObject\",\"inLanguage\":\"fr-FR\",\"@id\":\"https:\\\/\\\/levasseur.org\\\/fr\\\/#\\\/schema\\\/logo\\\/image\\\/\",\"url\":\"https:\\\/\\\/levasseur.org\\\/wp-content\\\/uploads\\\/2019\\\/04\\\/blason_nouv.gif\",\"contentUrl\":\"https:\\\/\\\/levasseur.org\\\/wp-content\\\/uploads\\\/2019\\\/04\\\/blason_nouv.gif\",\"width\":500,\"height\":487,\"caption\":\"Association des Levasseur d'Am\u00e9rique\"},\"image\":{\"@id\":\"https:\\\/\\\/levasseur.org\\\/fr\\\/#\\\/schema\\\/logo\\\/image\\\/\"},\"sameAs\":[\"https:\\\/\\\/www.facebook.com\\\/associationlevasseur\"]},{\"@type\":\"Person\",\"@id\":\"https:\\\/\\\/levasseur.org\\\/fr\\\/#\\\/schema\\\/person\\\/08aca2b2e8f0aaeb4fd1ba151d381668\",\"name\":\"Jean-Pierre Levasseur\",\"image\":{\"@type\":\"ImageObject\",\"inLanguage\":\"fr-FR\",\"@id\":\"https:\\\/\\\/secure.gravatar.com\\\/avatar\\\/91886ceaeeed70d2c783c3cecea227e4168c3850ccd56c136a87175ac5756f75?s=96&d=mm&r=g\",\"url\":\"https:\\\/\\\/secure.gravatar.com\\\/avatar\\\/91886ceaeeed70d2c783c3cecea227e4168c3850ccd56c136a87175ac5756f75?s=96&d=mm&r=g\",\"contentUrl\":\"https:\\\/\\\/secure.gravatar.com\\\/avatar\\\/91886ceaeeed70d2c783c3cecea227e4168c3850ccd56c136a87175ac5756f75?s=96&d=mm&r=g\",\"caption\":\"Jean-Pierre Levasseur\"},\"description\":\"B\u00e9n\u00e9vole pour l'Association des Levasseur d'Am\u00e9rique depuis 1995.\",\"url\":\"https:\\\/\\\/levasseur.org\\\/fr\\\/author\\\/admin\\\/\"}]}<\/script>\n<!-- \/ Yoast SEO plugin. -->","yoast_head_json":{"title":"Tout un travail ! Nouveau site Web sur Irma LeVasseur - Familles Levasseur et Carmel","description":"L\u2019Association des Levasseur et Carmel d\u2019Am\u00e9rique vous permet de consulter : documents historiques concernant les anc\u00eatres Jean, Pierre et Laurent Levasseur arriv\u00e9s en Nouvelle-France au 17e si\u00e8cle. Informations, objectifs, activit\u00e9s et rassemblements.","robots":{"index":"index","follow":"follow","max-snippet":"max-snippet:-1","max-image-preview":"max-image-preview:large","max-video-preview":"max-video-preview:-1"},"canonical":"https:\/\/levasseur.org\/fr\/tout-un-travail-nouveau-site-web-sur-irma-levasseur\/","og_locale":"fr_FR","og_type":"article","og_title":"Tout un travail ! Nouveau site Web sur Irma LeVasseur - Familles Levasseur et Carmel","og_description":"L\u2019Association des Levasseur et Carmel d\u2019Am\u00e9rique vous permet de consulter : documents historiques concernant les anc\u00eatres Jean, Pierre et Laurent Levasseur arriv\u00e9s en Nouvelle-France au 17e si\u00e8cle. Informations, objectifs, activit\u00e9s et rassemblements.","og_url":"https:\/\/levasseur.org\/fr\/tout-un-travail-nouveau-site-web-sur-irma-levasseur\/","og_site_name":"Familles Levasseur et Carmel","article_publisher":"https:\/\/www.facebook.com\/associationlevasseur","article_published_time":"2024-02-09T15:11:51+00:00","article_modified_time":"2024-03-18T13:47:41+00:00","og_image":[{"url":"https:\/\/levasseur.org\/wp-content\/uploads\/2024\/02\/Capture-decran-le-2024-02-07-a-18.26.44.jpg","type":"","width":"","height":""}],"author":"Jean-Pierre Levasseur","twitter_card":"summary_large_image","twitter_misc":{"\u00c9crit par":"Jean-Pierre Levasseur","Dur\u00e9e de lecture estim\u00e9e":"1 minute"},"schema":{"@context":"https:\/\/schema.org","@graph":[{"@type":"Article","@id":"https:\/\/levasseur.org\/fr\/tout-un-travail-nouveau-site-web-sur-irma-levasseur\/#article","isPartOf":{"@id":"https:\/\/levasseur.org\/fr\/tout-un-travail-nouveau-site-web-sur-irma-levasseur\/"},"author":{"name":"Jean-Pierre Levasseur","@id":"https:\/\/levasseur.org\/fr\/#\/schema\/person\/08aca2b2e8f0aaeb4fd1ba151d381668"},"headline":"Tout un travail ! Nouveau site Web sur Irma LeVasseur","datePublished":"2024-02-09T15:11:51+00:00","dateModified":"2024-03-18T13:47:41+00:00","mainEntityOfPage":{"@id":"https:\/\/levasseur.org\/fr\/tout-un-travail-nouveau-site-web-sur-irma-levasseur\/"},"wordCount":121,"commentCount":0,"publisher":{"@id":"https:\/\/levasseur.org\/fr\/#organization"},"image":{"@id":"https:\/\/levasseur.org\/fr\/tout-un-travail-nouveau-site-web-sur-irma-levasseur\/#primaryimage"},"thumbnailUrl":"https:\/\/levasseur.org\/wp-content\/uploads\/2024\/02\/Capture-decran-le-2024-02-07-a-18.26.44.jpg","articleSection":["Actualit\u00e9s\/News"],"inLanguage":"fr-FR","potentialAction":[{"@type":"CommentAction","name":"Comment","target":["https:\/\/levasseur.org\/fr\/tout-un-travail-nouveau-site-web-sur-irma-levasseur\/#respond"]}]},{"@type":"WebPage","@id":"https:\/\/levasseur.org\/fr\/tout-un-travail-nouveau-site-web-sur-irma-levasseur\/","url":"https:\/\/levasseur.org\/fr\/tout-un-travail-nouveau-site-web-sur-irma-levasseur\/","name":"Tout un travail ! Nouveau site Web sur Irma LeVasseur - Familles Levasseur et Carmel","isPartOf":{"@id":"https:\/\/levasseur.org\/fr\/#website"},"primaryImageOfPage":{"@id":"https:\/\/levasseur.org\/fr\/tout-un-travail-nouveau-site-web-sur-irma-levasseur\/#primaryimage"},"image":{"@id":"https:\/\/levasseur.org\/fr\/tout-un-travail-nouveau-site-web-sur-irma-levasseur\/#primaryimage"},"thumbnailUrl":"https:\/\/levasseur.org\/wp-content\/uploads\/2024\/02\/Capture-decran-le-2024-02-07-a-18.26.44.jpg","datePublished":"2024-02-09T15:11:51+00:00","dateModified":"2024-03-18T13:47:41+00:00","description":"L\u2019Association des Levasseur et Carmel d\u2019Am\u00e9rique vous permet de consulter : documents historiques concernant les anc\u00eatres Jean, Pierre et Laurent Levasseur arriv\u00e9s en Nouvelle-France au 17e si\u00e8cle. Informations, objectifs, activit\u00e9s et rassemblements.","breadcrumb":{"@id":"https:\/\/levasseur.org\/fr\/tout-un-travail-nouveau-site-web-sur-irma-levasseur\/#breadcrumb"},"inLanguage":"fr-FR","potentialAction":[{"@type":"ReadAction","target":["https:\/\/levasseur.org\/fr\/tout-un-travail-nouveau-site-web-sur-irma-levasseur\/"]}]},{"@type":"ImageObject","inLanguage":"fr-FR","@id":"https:\/\/levasseur.org\/fr\/tout-un-travail-nouveau-site-web-sur-irma-levasseur\/#primaryimage","url":"https:\/\/levasseur.org\/wp-content\/uploads\/2024\/02\/Capture-decran-le-2024-02-07-a-18.26.44.jpg","contentUrl":"https:\/\/levasseur.org\/wp-content\/uploads\/2024\/02\/Capture-decran-le-2024-02-07-a-18.26.44.jpg"},{"@type":"BreadcrumbList","@id":"https:\/\/levasseur.org\/fr\/tout-un-travail-nouveau-site-web-sur-irma-levasseur\/#breadcrumb","itemListElement":[{"@type":"ListItem","position":1,"name":"Accueil","item":"https:\/\/levasseur.org\/fr\/"},{"@type":"ListItem","position":2,"name":"Tout un travail ! Nouveau site Web sur Irma LeVasseur"}]},{"@type":"WebSite","@id":"https:\/\/levasseur.org\/fr\/#website","url":"https:\/\/levasseur.org\/fr\/","name":"Familles Levasseur & Carmel","description":"Du mieux que je puis","publisher":{"@id":"https:\/\/levasseur.org\/fr\/#organization"},"potentialAction":[{"@type":"SearchAction","target":{"@type":"EntryPoint","urlTemplate":"https:\/\/levasseur.org\/fr\/?s={search_term_string}"},"query-input":{"@type":"PropertyValueSpecification","valueRequired":true,"valueName":"search_term_string"}}],"inLanguage":"fr-FR"},{"@type":"Organization","@id":"https:\/\/levasseur.org\/fr\/#organization","name":"Association des Levasseur d'Am\u00e9rique","url":"https:\/\/levasseur.org\/fr\/","logo":{"@type":"ImageObject","inLanguage":"fr-FR","@id":"https:\/\/levasseur.org\/fr\/#\/schema\/logo\/image\/","url":"https:\/\/levasseur.org\/wp-content\/uploads\/2019\/04\/blason_nouv.gif","contentUrl":"https:\/\/levasseur.org\/wp-content\/uploads\/2019\/04\/blason_nouv.gif","width":500,"height":487,"caption":"Association des Levasseur d'Am\u00e9rique"},"image":{"@id":"https:\/\/levasseur.org\/fr\/#\/schema\/logo\/image\/"},"sameAs":["https:\/\/www.facebook.com\/associationlevasseur"]},{"@type":"Person","@id":"https:\/\/levasseur.org\/fr\/#\/schema\/person\/08aca2b2e8f0aaeb4fd1ba151d381668","name":"Jean-Pierre Levasseur","image":{"@type":"ImageObject","inLanguage":"fr-FR","@id":"https:\/\/secure.gravatar.com\/avatar\/91886ceaeeed70d2c783c3cecea227e4168c3850ccd56c136a87175ac5756f75?s=96&d=mm&r=g","url":"https:\/\/secure.gravatar.com\/avatar\/91886ceaeeed70d2c783c3cecea227e4168c3850ccd56c136a87175ac5756f75?s=96&d=mm&r=g","contentUrl":"https:\/\/secure.gravatar.com\/avatar\/91886ceaeeed70d2c783c3cecea227e4168c3850ccd56c136a87175ac5756f75?s=96&d=mm&r=g","caption":"Jean-Pierre Levasseur"},"description":"B\u00e9n\u00e9vole pour l'Association des Levasseur d'Am\u00e9rique depuis 1995.","url":"https:\/\/levasseur.org\/fr\/author\/admin\/"}]}},"_links":{"self":[{"href":"https:\/\/levasseur.org\/fr\/wp-json\/wp\/v2\/posts\/27772","targetHints":{"allow":["GET"]}}],"collection":[{"href":"https:\/\/levasseur.org\/fr\/wp-json\/wp\/v2\/posts"}],"about":[{"href":"https:\/\/levasseur.org\/fr\/wp-json\/wp\/v2\/types\/post"}],"author":[{"embeddable":true,"href":"https:\/\/levasseur.org\/fr\/wp-json\/wp\/v2\/users\/1"}],"replies":[{"embeddable":true,"href":"https:\/\/levasseur.org\/fr\/wp-json\/wp\/v2\/comments?post=27772"}],"version-history":[{"count":0,"href":"https:\/\/levasseur.org\/fr\/wp-json\/wp\/v2\/posts\/27772\/revisions"}],"wp:attachment":[{"href":"https:\/\/levasseur.org\/fr\/wp-json\/wp\/v2\/media?parent=27772"}],"wp:term":[{"taxonomy":"category","embeddable":true,"href":"https:\/\/levasseur.org\/fr\/wp-json\/wp\/v2\/categories?post=27772"},{"taxonomy":"post_tag","embeddable":true,"href":"https:\/\/levasseur.org\/fr\/wp-json\/wp\/v2\/tags?post=27772"}],"curies":[{"name":"wp","href":"https:\/\/api.w.org\/{rel}","templated":true}]}}