{"id":30520,"date":"2026-09-03T12:53:34","date_gmt":"2026-09-03T16:53:34","guid":{"rendered":"https:\/\/levasseur.org\/?p=30520"},"modified":"2026-09-03T13:08:32","modified_gmt":"2026-09-03T17:08:32","slug":"veille-levasseur-20-aout-au-3-septembre-2026","status":"publish","type":"post","link":"https:\/\/levasseur.org\/en\/veille-levasseur-20-aout-au-3-septembre-2026\/","title":{"rendered":"Levasseur Watch \u2014 August 20 to September 3, 2026"},"content":{"rendered":"<h1 style=\"text-align: center;\">Levasseur Watch \u2014 August 20 to September 3, 2026<\/h1>\n<p class=\"PDq2pG_selectionAnchorContainer\" data-start=\"52\" data-end=\"341\">This research on Levasseur, LeVasseur, Le Vasseur, Vasseur and Vassaur reveals some truly interesting new developments for family history and genealogy. I have excluded the simple mentions of the surname in the news when they did not add anything to these subjects.<\/p>\n<p class=\"PDq2pG_selectionAnchorContainer\" data-start=\"52\" data-end=\"341\">\ud83d\udcda New publication on the Levasseur family of Matane. The Society of History and Genealogy of La Matanie announced the launch of volume 4 of Lynn Thibault, dedicated to the Gauthier, Levasseur, Lefran\u00e7ois, Paquet, and Lebreux families of the Matane region. The book consists of 425 pages and contains stories as well as photographs of ancestors who participated in the development of Matane, Saint-Luc-de-Matane, Saint-Ren\u00e9-de-Matane, Sainte-F\u00e9licit\u00e9, Saint-Adelme, and Saint-Ulric. For the Association, it would be particularly interesting to identify the pages dedicated to the Levasseur family and to verify whether they contain photographs or unpublished information.<\/p>\n<p class=\"PDq2pG_selectionAnchorContainer\" data-start=\"52\" data-end=\"341\"><a href=\"https:\/\/shgmatane.org\/505\/lancement-des-plus-recents-livres-de-lynn-thibault\/nouvelle.html\">See the advertisement of the Society of History and Genealogy of La Matanie<\/a><\/p>\n<p class=\"PDq2pG_selectionAnchorContainer\" data-start=\"52\" data-end=\"341\">\ud83d\udd6f\ufe0f Roger R. Levasseur \u2014 a genealogical lead in Maine. Roger R. Levasseur, born on April 22, 1939, in Topsham, Maine, died on August 25, 2026, in Harpswell, at the age of 87. A former American Marine, he worked in construction before becoming a lobster fisherman. His obituary mentions his wife Roseline Riendeau Levasseur, his children Roger and Gina, as well as several Levasseur brothers. For the Association on the Levasseur of Maine project, this family from Topsham\/Brunswick\/Harpswell could constitute an interesting lead to connect with the already documented lineages.<\/p>\n<p class=\"PDq2pG_selectionAnchorContainer\" data-start=\"52\" data-end=\"341\"><a href=\"https:\/\/www.brackettfh.com\/obituaries\/Roger-R-Levasseur?obId=49396038\">Consult Roger R. Levasseur&#8217;s obituary<\/a><\/p>\n<p class=\"PDq2pG_selectionAnchorContainer\" data-start=\"52\" data-end=\"341\">\ud83d\udd6f\ufe0f Gis\u00e8le Levasseur \u2014 Saint-L\u00e9onard-d\u2019Aston \u2192 Montreal. A new notice reports the death of Gis\u00e8le Levasseur on August 28, 2026, at the age of 98. She was born on January 28, 1928, in Saint-L\u00e9onard-d\u2019Aston and resided in Montreal. The notice currently published unfortunately contains very little family information, but the places and dates may allow for searching her genealogy in the Association&#8217;s genealogical database.<\/p>\n<p class=\"PDq2pG_selectionAnchorContainer\" data-start=\"52\" data-end=\"341\">\ud83d\udd6f\ufe0f Martin Levasseur \u2014 branch of the Bas-Saint-Laurent region. Another particularly rich genealogically significant notice concerns Martin Levasseur (1957\u20132026), who died in Matane on August 14. He resided in Saint-Mo\u00efse and was originally from La R\u00e9demption. He was the son of Raymond Levasseur and Jeanne-D\u2019Arc L\u00e9vesque. The notice lists his two daughters and, above all, a very important Levasseur family: Herman, Odette, Rodrigue, R\u00e9mi, Raymonde, Bernadette, Gis\u00e8le, Ubald, Jacquelin, Madeleine, Nathalie, and H\u00e9l\u00e8ne. The memorial will take place in Mont-Joli on September 6. This notice is particularly pertinent given the current research by the Association on Mont-Joli and the Levasseur families of the Bas-Saint-Laurent region.<\/p>\n<p class=\"PDq2pG_selectionAnchorContainer\" data-start=\"52\" data-end=\"341\"><a href=\"https:\/\/www.centrefunerairebissonnette.com\/en\/obituaries\/details\/14862\/martin-levasseur\">Death notice &#8211; Martin Levasseur<\/a><\/p>\n<p class=\"PDq2pG_selectionAnchorContainer\" data-start=\"52\" data-end=\"341\">\ud83d\udd6f\ufe0f Simone Couture, born Levasseur \u2014 Winnipeg. An announcement published on September 1, 2026, announces the death of Simone Couture (born Levasseur), born on August 24, 1949. It provides several family details: her children Alain and Ginette and her brothers and sisters C\u00e9cile, Roger, Henriette, Roland, Gilbert, and Jean Levasseur, as well as Pauline and Edm\u00e9e, who died before her. This could allow for documenting a Levasseur branch established in Manitoba.<\/p>\n<p class=\"PDq2pG_selectionAnchorContainer\" data-start=\"52\" data-end=\"341\"><a href=\"https:\/\/www.ethicaldeathcare.com\/obits\/couture-simone\">Simone Levasseur Death notice<\/a><\/p>\n<hr \/>\n<p class=\"PDq2pG_selectionAnchorContainer\" data-start=\"52\" data-end=\"341\">To remember for the Association<\/p>\n<p class=\"PDq2pG_selectionAnchorContainer\" data-start=\"52\" data-end=\"341\">The discovery that seems most promising to me this week is the new book by Lynn Thibault on the families of Matane. It comes at a time when the Association is actually working on Louis-Joseph Levasseur and the Levasseur House in Matane. The recent article by the Soci\u00e9t\u00e9 d&#8217;histoire reminds us that Louis-Joseph Levasseur (1850\u20131928) and Agla\u00e9 Paradis had 14 children, eight of whom reached adulthood and left an important legacy; he was also mayor of Matane three times.<\/p>\n<div style=\"position: absolute; width: 1px; height: 1px; margin: -1px; padding: 0px; border: 0px; overflow: hidden; clip: rect(0px, 0px, 0px, 0px); clip-path: inset(50%); white-space: nowrap;\" role=\"status\" aria-live=\"polite\" aria-atomic=\"true\"><\/div>\n<div style=\"position: absolute; width: 1px; height: 1px; margin: -1px; padding: 0px; border: 0px; overflow: hidden; clip: rect(0px, 0px, 0px, 0px); clip-path: inset(50%); white-space: nowrap;\" role=\"alert\" aria-live=\"assertive\" aria-atomic=\"true\"><\/div>\n<div style=\"position: absolute; width: 1px; height: 1px; margin: -1px; padding: 0px; border: 0px; overflow: hidden; clip: rect(0px, 0px, 0px, 0px); clip-path: inset(50%); white-space: nowrap;\" role=\"status\" aria-live=\"polite\" aria-atomic=\"true\"><\/div>\n<div style=\"position: absolute; width: 1px; height: 1px; margin: -1px; padding: 0px; border: 0px; overflow: hidden; clip: rect(0px, 0px, 0px, 0px); clip-path: inset(50%); white-space: nowrap;\" role=\"alert\" aria-live=\"assertive\" aria-atomic=\"true\"><\/div>\n","protected":false},"excerpt":{"rendered":"<p>Levasseur Watch \u2014 August 20 to September 3, 2026 This  [&#8230;]<\/p>\n","protected":false},"author":1,"featured_media":0,"comment_status":"open","ping_status":"open","sticky":false,"template":"","format":"standard","meta":{"footnotes":""},"categories":[84],"tags":[],"class_list":["post-30520","post","type-post","status-publish","format-standard","hentry","category-actualite-2"],"yoast_head":"<!-- This site is optimized with the Yoast SEO plugin v28.4 - https:\/\/yoast.com\/product\/yoast-seo-wordpress\/ -->\n<title>Levasseur Watch \u2014 August 20 to September 3, 2026 - Levasseur Association of America Inc<\/title>\n<meta name=\"description\" content=\"L\u2019Association des Levasseur et Carmel d\u2019Am\u00e9rique vous permet de consulter : documents historiques concernant les anc\u00eatres Jean, Pierre et Laurent Levasseur arriv\u00e9s en Nouvelle-France au 17e si\u00e8cle. Informations, objectifs, activit\u00e9s et rassemblements.\" \/>\n<meta name=\"robots\" content=\"index, follow, max-snippet:-1, max-image-preview:large, max-video-preview:-1\" \/>\n<link rel=\"canonical\" href=\"https:\/\/levasseur.org\/en\/veille-levasseur-20-aout-au-3-septembre-2026\/\" \/>\n<meta property=\"og:locale\" content=\"en_US\" \/>\n<meta property=\"og:type\" content=\"article\" \/>\n<meta property=\"og:title\" content=\"Levasseur Watch \u2014 August 20 to September 3, 2026 - Levasseur Association of America Inc\" \/>\n<meta property=\"og:description\" content=\"L\u2019Association des Levasseur et Carmel d\u2019Am\u00e9rique vous permet de consulter : documents historiques concernant les anc\u00eatres Jean, Pierre et Laurent Levasseur arriv\u00e9s en Nouvelle-France au 17e si\u00e8cle. Informations, objectifs, activit\u00e9s et rassemblements.\" \/>\n<meta property=\"og:url\" content=\"https:\/\/levasseur.org\/en\/veille-levasseur-20-aout-au-3-septembre-2026\/\" \/>\n<meta property=\"og:site_name\" content=\"Levasseur Association of America Inc\" \/>\n<meta property=\"article:publisher\" content=\"https:\/\/www.facebook.com\/associationlevasseur\" \/>\n<meta property=\"article:published_time\" content=\"2026-09-03T16:53:34+00:00\" \/>\n<meta property=\"article:modified_time\" content=\"2026-09-03T17:08:32+00:00\" \/>\n<meta name=\"author\" content=\"Jean-Pierre Levasseur\" \/>\n<meta name=\"twitter:card\" content=\"summary_large_image\" \/>\n<meta name=\"twitter:label1\" content=\"Written by\" \/>\n\t<meta name=\"twitter:data1\" content=\"Jean-Pierre Levasseur\" \/>\n\t<meta name=\"twitter:label2\" content=\"Est. reading time\" \/>\n\t<meta name=\"twitter:data2\" content=\"3 minutes\" \/>\n<script type=\"application\/ld+json\" class=\"yoast-schema-graph\">{\"@context\":\"https:\\\/\\\/schema.org\",\"@graph\":[{\"@type\":\"Article\",\"@id\":\"https:\\\/\\\/levasseur.org\\\/en\\\/veille-levasseur-20-aout-au-3-septembre-2026\\\/#article\",\"isPartOf\":{\"@id\":\"https:\\\/\\\/levasseur.org\\\/en\\\/veille-levasseur-20-aout-au-3-septembre-2026\\\/\"},\"author\":{\"name\":\"Jean-Pierre Levasseur\",\"@id\":\"https:\\\/\\\/levasseur.org\\\/fr\\\/#\\\/schema\\\/person\\\/08aca2b2e8f0aaeb4fd1ba151d381668\"},\"headline\":\"Levasseur Watch \u2014 August 20 to September 3, 2026\",\"datePublished\":\"2026-09-03T16:53:34+00:00\",\"dateModified\":\"2026-09-03T17:08:32+00:00\",\"mainEntityOfPage\":{\"@id\":\"https:\\\/\\\/levasseur.org\\\/en\\\/veille-levasseur-20-aout-au-3-septembre-2026\\\/\"},\"wordCount\":583,\"commentCount\":0,\"publisher\":{\"@id\":\"https:\\\/\\\/levasseur.org\\\/fr\\\/#organization\"},\"articleSection\":[\"Actualit\u00e9\"],\"inLanguage\":\"en-US\",\"potentialAction\":[{\"@type\":\"CommentAction\",\"name\":\"Comment\",\"target\":[\"https:\\\/\\\/levasseur.org\\\/en\\\/veille-levasseur-20-aout-au-3-septembre-2026\\\/#respond\"]}]},{\"@type\":\"WebPage\",\"@id\":\"https:\\\/\\\/levasseur.org\\\/en\\\/veille-levasseur-20-aout-au-3-septembre-2026\\\/\",\"url\":\"https:\\\/\\\/levasseur.org\\\/en\\\/veille-levasseur-20-aout-au-3-septembre-2026\\\/\",\"name\":\"Levasseur Watch \u2014 August 20 to September 3, 2026 - Levasseur Association of America Inc\",\"isPartOf\":{\"@id\":\"https:\\\/\\\/levasseur.org\\\/fr\\\/#website\"},\"datePublished\":\"2026-09-03T16:53:34+00:00\",\"dateModified\":\"2026-09-03T17:08:32+00:00\",\"description\":\"L\u2019Association des Levasseur et Carmel d\u2019Am\u00e9rique vous permet de consulter : documents historiques concernant les anc\u00eatres Jean, Pierre et Laurent Levasseur arriv\u00e9s en Nouvelle-France au 17e si\u00e8cle. Informations, objectifs, activit\u00e9s et rassemblements.\",\"breadcrumb\":{\"@id\":\"https:\\\/\\\/levasseur.org\\\/en\\\/veille-levasseur-20-aout-au-3-septembre-2026\\\/#breadcrumb\"},\"inLanguage\":\"en-US\",\"potentialAction\":[{\"@type\":\"ReadAction\",\"target\":[\"https:\\\/\\\/levasseur.org\\\/en\\\/veille-levasseur-20-aout-au-3-septembre-2026\\\/\"]}]},{\"@type\":\"BreadcrumbList\",\"@id\":\"https:\\\/\\\/levasseur.org\\\/en\\\/veille-levasseur-20-aout-au-3-septembre-2026\\\/#breadcrumb\",\"itemListElement\":[{\"@type\":\"ListItem\",\"position\":1,\"name\":\"Accueil\",\"item\":\"https:\\\/\\\/levasseur.org\\\/en\\\/\"},{\"@type\":\"ListItem\",\"position\":2,\"name\":\"Levasseur Watch \u2014 August 20 to September 3, 2026\"}]},{\"@type\":\"WebSite\",\"@id\":\"https:\\\/\\\/levasseur.org\\\/fr\\\/#website\",\"url\":\"https:\\\/\\\/levasseur.org\\\/fr\\\/\",\"name\":\"Familles Levasseur & Carmel\",\"description\":\"Du mieux que je puis\",\"publisher\":{\"@id\":\"https:\\\/\\\/levasseur.org\\\/fr\\\/#organization\"},\"potentialAction\":[{\"@type\":\"SearchAction\",\"target\":{\"@type\":\"EntryPoint\",\"urlTemplate\":\"https:\\\/\\\/levasseur.org\\\/fr\\\/?s={search_term_string}\"},\"query-input\":{\"@type\":\"PropertyValueSpecification\",\"valueRequired\":true,\"valueName\":\"search_term_string\"}}],\"inLanguage\":\"en-US\"},{\"@type\":\"Organization\",\"@id\":\"https:\\\/\\\/levasseur.org\\\/fr\\\/#organization\",\"name\":\"Association des Levasseur d'Am\u00e9rique\",\"url\":\"https:\\\/\\\/levasseur.org\\\/fr\\\/\",\"logo\":{\"@type\":\"ImageObject\",\"inLanguage\":\"en-US\",\"@id\":\"https:\\\/\\\/levasseur.org\\\/fr\\\/#\\\/schema\\\/logo\\\/image\\\/\",\"url\":\"https:\\\/\\\/levasseur.org\\\/wp-content\\\/uploads\\\/2019\\\/04\\\/blason_nouv.gif\",\"contentUrl\":\"https:\\\/\\\/levasseur.org\\\/wp-content\\\/uploads\\\/2019\\\/04\\\/blason_nouv.gif\",\"width\":500,\"height\":487,\"caption\":\"Association des Levasseur d'Am\u00e9rique\"},\"image\":{\"@id\":\"https:\\\/\\\/levasseur.org\\\/fr\\\/#\\\/schema\\\/logo\\\/image\\\/\"},\"sameAs\":[\"https:\\\/\\\/www.facebook.com\\\/associationlevasseur\"]},{\"@type\":\"Person\",\"@id\":\"https:\\\/\\\/levasseur.org\\\/fr\\\/#\\\/schema\\\/person\\\/08aca2b2e8f0aaeb4fd1ba151d381668\",\"name\":\"Jean-Pierre Levasseur\",\"image\":{\"@type\":\"ImageObject\",\"inLanguage\":\"en-US\",\"@id\":\"https:\\\/\\\/secure.gravatar.com\\\/avatar\\\/91886ceaeeed70d2c783c3cecea227e4168c3850ccd56c136a87175ac5756f75?s=96&d=mm&r=g\",\"url\":\"https:\\\/\\\/secure.gravatar.com\\\/avatar\\\/91886ceaeeed70d2c783c3cecea227e4168c3850ccd56c136a87175ac5756f75?s=96&d=mm&r=g\",\"contentUrl\":\"https:\\\/\\\/secure.gravatar.com\\\/avatar\\\/91886ceaeeed70d2c783c3cecea227e4168c3850ccd56c136a87175ac5756f75?s=96&d=mm&r=g\",\"caption\":\"Jean-Pierre Levasseur\"},\"description\":\"B\u00e9n\u00e9vole pour l'Association des Levasseur d'Am\u00e9rique depuis 1995.\",\"url\":\"https:\\\/\\\/levasseur.org\\\/en\\\/author\\\/admin\\\/\"}]}<\/script>\n<!-- \/ Yoast SEO plugin. -->","yoast_head_json":{"title":"Levasseur Watch \u2014 August 20 to September 3, 2026 - Levasseur Association of America Inc","description":"L\u2019Association des Levasseur et Carmel d\u2019Am\u00e9rique vous permet de consulter : documents historiques concernant les anc\u00eatres Jean, Pierre et Laurent Levasseur arriv\u00e9s en Nouvelle-France au 17e si\u00e8cle. Informations, objectifs, activit\u00e9s et rassemblements.","robots":{"index":"index","follow":"follow","max-snippet":"max-snippet:-1","max-image-preview":"max-image-preview:large","max-video-preview":"max-video-preview:-1"},"canonical":"https:\/\/levasseur.org\/en\/veille-levasseur-20-aout-au-3-septembre-2026\/","og_locale":"en_US","og_type":"article","og_title":"Levasseur Watch \u2014 August 20 to September 3, 2026 - Levasseur Association of America Inc","og_description":"L\u2019Association des Levasseur et Carmel d\u2019Am\u00e9rique vous permet de consulter : documents historiques concernant les anc\u00eatres Jean, Pierre et Laurent Levasseur arriv\u00e9s en Nouvelle-France au 17e si\u00e8cle. Informations, objectifs, activit\u00e9s et rassemblements.","og_url":"https:\/\/levasseur.org\/en\/veille-levasseur-20-aout-au-3-septembre-2026\/","og_site_name":"Levasseur Association of America Inc","article_publisher":"https:\/\/www.facebook.com\/associationlevasseur","article_published_time":"2026-09-03T16:53:34+00:00","article_modified_time":"2026-09-03T17:08:32+00:00","author":"Jean-Pierre Levasseur","twitter_card":"summary_large_image","twitter_misc":{"Written by":"Jean-Pierre Levasseur","Est. reading time":"3 minutes"},"schema":{"@context":"https:\/\/schema.org","@graph":[{"@type":"Article","@id":"https:\/\/levasseur.org\/en\/veille-levasseur-20-aout-au-3-septembre-2026\/#article","isPartOf":{"@id":"https:\/\/levasseur.org\/en\/veille-levasseur-20-aout-au-3-septembre-2026\/"},"author":{"name":"Jean-Pierre Levasseur","@id":"https:\/\/levasseur.org\/fr\/#\/schema\/person\/08aca2b2e8f0aaeb4fd1ba151d381668"},"headline":"Levasseur Watch \u2014 August 20 to September 3, 2026","datePublished":"2026-09-03T16:53:34+00:00","dateModified":"2026-09-03T17:08:32+00:00","mainEntityOfPage":{"@id":"https:\/\/levasseur.org\/en\/veille-levasseur-20-aout-au-3-septembre-2026\/"},"wordCount":583,"commentCount":0,"publisher":{"@id":"https:\/\/levasseur.org\/fr\/#organization"},"articleSection":["Actualit\u00e9"],"inLanguage":"en-US","potentialAction":[{"@type":"CommentAction","name":"Comment","target":["https:\/\/levasseur.org\/en\/veille-levasseur-20-aout-au-3-septembre-2026\/#respond"]}]},{"@type":"WebPage","@id":"https:\/\/levasseur.org\/en\/veille-levasseur-20-aout-au-3-septembre-2026\/","url":"https:\/\/levasseur.org\/en\/veille-levasseur-20-aout-au-3-septembre-2026\/","name":"Levasseur Watch \u2014 August 20 to September 3, 2026 - Levasseur Association of America Inc","isPartOf":{"@id":"https:\/\/levasseur.org\/fr\/#website"},"datePublished":"2026-09-03T16:53:34+00:00","dateModified":"2026-09-03T17:08:32+00:00","description":"L\u2019Association des Levasseur et Carmel d\u2019Am\u00e9rique vous permet de consulter : documents historiques concernant les anc\u00eatres Jean, Pierre et Laurent Levasseur arriv\u00e9s en Nouvelle-France au 17e si\u00e8cle. Informations, objectifs, activit\u00e9s et rassemblements.","breadcrumb":{"@id":"https:\/\/levasseur.org\/en\/veille-levasseur-20-aout-au-3-septembre-2026\/#breadcrumb"},"inLanguage":"en-US","potentialAction":[{"@type":"ReadAction","target":["https:\/\/levasseur.org\/en\/veille-levasseur-20-aout-au-3-septembre-2026\/"]}]},{"@type":"BreadcrumbList","@id":"https:\/\/levasseur.org\/en\/veille-levasseur-20-aout-au-3-septembre-2026\/#breadcrumb","itemListElement":[{"@type":"ListItem","position":1,"name":"Accueil","item":"https:\/\/levasseur.org\/en\/"},{"@type":"ListItem","position":2,"name":"Levasseur Watch \u2014 August 20 to September 3, 2026"}]},{"@type":"WebSite","@id":"https:\/\/levasseur.org\/fr\/#website","url":"https:\/\/levasseur.org\/fr\/","name":"Familles Levasseur & Carmel","description":"Du mieux que je puis","publisher":{"@id":"https:\/\/levasseur.org\/fr\/#organization"},"potentialAction":[{"@type":"SearchAction","target":{"@type":"EntryPoint","urlTemplate":"https:\/\/levasseur.org\/fr\/?s={search_term_string}"},"query-input":{"@type":"PropertyValueSpecification","valueRequired":true,"valueName":"search_term_string"}}],"inLanguage":"en-US"},{"@type":"Organization","@id":"https:\/\/levasseur.org\/fr\/#organization","name":"Association des Levasseur d'Am\u00e9rique","url":"https:\/\/levasseur.org\/fr\/","logo":{"@type":"ImageObject","inLanguage":"en-US","@id":"https:\/\/levasseur.org\/fr\/#\/schema\/logo\/image\/","url":"https:\/\/levasseur.org\/wp-content\/uploads\/2019\/04\/blason_nouv.gif","contentUrl":"https:\/\/levasseur.org\/wp-content\/uploads\/2019\/04\/blason_nouv.gif","width":500,"height":487,"caption":"Association des Levasseur d'Am\u00e9rique"},"image":{"@id":"https:\/\/levasseur.org\/fr\/#\/schema\/logo\/image\/"},"sameAs":["https:\/\/www.facebook.com\/associationlevasseur"]},{"@type":"Person","@id":"https:\/\/levasseur.org\/fr\/#\/schema\/person\/08aca2b2e8f0aaeb4fd1ba151d381668","name":"Jean-Pierre Levasseur","image":{"@type":"ImageObject","inLanguage":"en-US","@id":"https:\/\/secure.gravatar.com\/avatar\/91886ceaeeed70d2c783c3cecea227e4168c3850ccd56c136a87175ac5756f75?s=96&d=mm&r=g","url":"https:\/\/secure.gravatar.com\/avatar\/91886ceaeeed70d2c783c3cecea227e4168c3850ccd56c136a87175ac5756f75?s=96&d=mm&r=g","contentUrl":"https:\/\/secure.gravatar.com\/avatar\/91886ceaeeed70d2c783c3cecea227e4168c3850ccd56c136a87175ac5756f75?s=96&d=mm&r=g","caption":"Jean-Pierre Levasseur"},"description":"B\u00e9n\u00e9vole pour l'Association des Levasseur d'Am\u00e9rique depuis 1995.","url":"https:\/\/levasseur.org\/en\/author\/admin\/"}]}},"_links":{"self":[{"href":"https:\/\/levasseur.org\/en\/wp-json\/wp\/v2\/posts\/30520","targetHints":{"allow":["GET"]}}],"collection":[{"href":"https:\/\/levasseur.org\/en\/wp-json\/wp\/v2\/posts"}],"about":[{"href":"https:\/\/levasseur.org\/en\/wp-json\/wp\/v2\/types\/post"}],"author":[{"embeddable":true,"href":"https:\/\/levasseur.org\/en\/wp-json\/wp\/v2\/users\/1"}],"replies":[{"embeddable":true,"href":"https:\/\/levasseur.org\/en\/wp-json\/wp\/v2\/comments?post=30520"}],"version-history":[{"count":3,"href":"https:\/\/levasseur.org\/en\/wp-json\/wp\/v2\/posts\/30520\/revisions"}],"predecessor-version":[{"id":30525,"href":"https:\/\/levasseur.org\/en\/wp-json\/wp\/v2\/posts\/30520\/revisions\/30525"}],"wp:attachment":[{"href":"https:\/\/levasseur.org\/en\/wp-json\/wp\/v2\/media?parent=30520"}],"wp:term":[{"taxonomy":"category","embeddable":true,"href":"https:\/\/levasseur.org\/en\/wp-json\/wp\/v2\/categories?post=30520"},{"taxonomy":"post_tag","embeddable":true,"href":"https:\/\/levasseur.org\/en\/wp-json\/wp\/v2\/tags?post=30520"}],"curies":[{"name":"wp","href":"https:\/\/api.w.org\/{rel}","templated":true}]}}