{"id":28729,"date":"2025-01-26T08:23:55","date_gmt":"2025-01-26T13:23:55","guid":{"rendered":"https:\/\/levasseur.org\/?p=28729"},"modified":"2025-01-26T16:04:28","modified_gmt":"2025-01-26T21:04:28","slug":"moir-edmee-march-4-1942-january-16-2025","status":"publish","type":"post","link":"https:\/\/levasseur.org\/en\/moir-edmee-march-4-1942-january-16-2025\/","title":{"rendered":"Moir, Edm\u00e9e  March 4, 1942 \u2013 January 16, 2025"},"content":{"rendered":"<p><a href=\"https:\/\/levasseur.org\/wp-content\/uploads\/2025\/01\/edmee_moir.jpg\"><img decoding=\"async\" class=\"lazyload  wp-image-28732\" src=\"https:\/\/levasseur.org\/wp-content\/uploads\/2025\/01\/edmee_moir.jpg\" data-orig-src=\"https:\/\/levasseur.org\/wp-content\/uploads\/2025\/01\/edmee_moir.jpg\" alt=\"\" width=\"172\" height=\"198\" srcset=\"data:image\/svg+xml,%3Csvg%20xmlns%3D%27http%3A%2F%2Fwww.w3.org%2F2000%2Fsvg%27%20width%3D%27172%27%20height%3D%27198%27%20viewBox%3D%270%200%20172%20198%27%3E%3Crect%20width%3D%27172%27%20height%3D%27198%27%20fill-opacity%3D%220%22%2F%3E%3C%2Fsvg%3E\" data-srcset=\"https:\/\/levasseur.org\/wp-content\/uploads\/2025\/01\/edmee_moir-200x230.jpg 200w, https:\/\/levasseur.org\/wp-content\/uploads\/2025\/01\/edmee_moir-261x300.jpg 261w, https:\/\/levasseur.org\/wp-content\/uploads\/2025\/01\/edmee_moir.jpg 306w\" data-sizes=\"auto\" data-orig-sizes=\"(max-width: 172px) 100vw, 172px\" \/><\/a><\/p>\n<h2 class=\"text-3xl\">Edm\u00e9e Moir<\/h2>\n<h2 class=\"text-3xl\"><span style=\"font-size: 16px;\">Moir, Edm\u00e9e<\/span><\/h2>\n<div class=\"leading-8 text-lg\">\n<div class=\"relative z-20 text-base pt-3 leading-2 obituary-text obituary-text-main\">\n<p>March 4, 1942 \u2013 January 16, 2025<\/p>\n<p>Edm\u00e9e Moir, n\u00e9e Levasseur, passed away peacefully at the Toronto Western Hospital on January 16, 2025, at the age of 82, surrounded by her loved ones. Born in St. Boniface, Manitoba, Edm\u00e9e was raised in a family of nine children. In her early twenties, she left home to begin her career as a flight attendant for Air Canada, where she worked for over thirty years. In 1969, she married Robert Moir, a CBC sports producer whom she had met earlier while working for Radio-Canada in Winnipeg.<\/p>\n<p>A vivacious and sociable woman, Edm\u00e9e enjoyed travel, visiting family and playing golf, particularly at St. George&#8217;s Golf Club in Toronto, as well as in Naples, Florida. She accumulated numerous trophies and won several tournaments.<\/p>\n<p>Edm\u00e9e is predeceased by her beloved husband Bob, as well as by her parents and her sister Pauline. She is survived by seven siblings and by her husband&#8217;s family, as well as by many nieces and nephews. Particular thanks are extended to the members of her Toronto family, Roland and Myriam, Katrina and Mikaela, for their loving care over the years.<\/p>\n<p>A memorial service in her honour will be held in the spring.<\/p>\n<p>Donations to <a href=\"https:\/\/celiac-canada.givecloud.co\/fundraising\/forms\/GZEJJPE2\">Celiac Canada<\/a> may be made in Edm\u00e9e&#8217;s memory.<\/p>\n<\/div>\n<\/div>\n","protected":false},"excerpt":{"rendered":"<p>Edm\u00e9e Moir Moir, Edm\u00e9e March 4, 1942 \u2013 January 16,  [&#8230;]<\/p>\n","protected":false},"author":1,"featured_media":0,"comment_status":"open","ping_status":"open","sticky":false,"template":"","format":"standard","meta":{"footnotes":""},"categories":[39],"tags":[],"class_list":["post-28729","post","type-post","status-publish","format-standard","hentry","category-uncategorized"],"yoast_head":"<!-- This site is optimized with the Yoast SEO plugin v27.5 - https:\/\/yoast.com\/product\/yoast-seo-wordpress\/ -->\n<title>Moir, Edm\u00e9e March 4, 1942 \u2013 January 16, 2025 - Levasseur Association of America Inc<\/title>\n<meta name=\"description\" content=\"L\u2019Association des Levasseur et Carmel d\u2019Am\u00e9rique vous permet de consulter : documents historiques concernant les anc\u00eatres Jean, Pierre et Laurent Levasseur arriv\u00e9s en Nouvelle-France au 17e si\u00e8cle. Informations, objectifs, activit\u00e9s et rassemblements.\" \/>\n<meta name=\"robots\" content=\"index, follow, max-snippet:-1, max-image-preview:large, max-video-preview:-1\" \/>\n<link rel=\"canonical\" href=\"https:\/\/levasseur.org\/en\/moir-edmee-march-4-1942-january-16-2025\/\" \/>\n<meta property=\"og:locale\" content=\"en_US\" \/>\n<meta property=\"og:type\" content=\"article\" \/>\n<meta property=\"og:title\" content=\"Moir, Edm\u00e9e March 4, 1942 \u2013 January 16, 2025 - Levasseur Association of America Inc\" \/>\n<meta property=\"og:description\" content=\"L\u2019Association des Levasseur et Carmel d\u2019Am\u00e9rique vous permet de consulter : documents historiques concernant les anc\u00eatres Jean, Pierre et Laurent Levasseur arriv\u00e9s en Nouvelle-France au 17e si\u00e8cle. Informations, objectifs, activit\u00e9s et rassemblements.\" \/>\n<meta property=\"og:url\" content=\"https:\/\/levasseur.org\/en\/moir-edmee-march-4-1942-january-16-2025\/\" \/>\n<meta property=\"og:site_name\" content=\"Levasseur Association of America Inc\" \/>\n<meta property=\"article:publisher\" content=\"https:\/\/www.facebook.com\/associationlevasseur\" \/>\n<meta property=\"article:published_time\" content=\"2025-01-26T13:23:55+00:00\" \/>\n<meta property=\"article:modified_time\" content=\"2025-01-26T21:04:28+00:00\" \/>\n<meta property=\"og:image\" content=\"https:\/\/levasseur.org\/wp-content\/uploads\/2025\/01\/edmee_moir.jpg\" \/>\n<meta name=\"author\" content=\"Jean-Pierre Levasseur\" \/>\n<meta name=\"twitter:card\" content=\"summary_large_image\" \/>\n<meta name=\"twitter:label1\" content=\"Written by\" \/>\n\t<meta name=\"twitter:data1\" content=\"Jean-Pierre Levasseur\" \/>\n\t<meta name=\"twitter:label2\" content=\"Est. reading time\" \/>\n\t<meta name=\"twitter:data2\" content=\"1 minute\" \/>\n<script type=\"application\/ld+json\" class=\"yoast-schema-graph\">{\"@context\":\"https:\\\/\\\/schema.org\",\"@graph\":[{\"@type\":\"Article\",\"@id\":\"https:\\\/\\\/levasseur.org\\\/en\\\/moir-edmee-march-4-1942-january-16-2025\\\/#article\",\"isPartOf\":{\"@id\":\"https:\\\/\\\/levasseur.org\\\/en\\\/moir-edmee-march-4-1942-january-16-2025\\\/\"},\"author\":{\"name\":\"Jean-Pierre Levasseur\",\"@id\":\"https:\\\/\\\/levasseur.org\\\/fr\\\/#\\\/schema\\\/person\\\/08aca2b2e8f0aaeb4fd1ba151d381668\"},\"headline\":\"Moir, Edm\u00e9e March 4, 1942 \u2013 January 16, 2025\",\"datePublished\":\"2025-01-26T13:23:55+00:00\",\"dateModified\":\"2025-01-26T21:04:28+00:00\",\"mainEntityOfPage\":{\"@id\":\"https:\\\/\\\/levasseur.org\\\/en\\\/moir-edmee-march-4-1942-january-16-2025\\\/\"},\"wordCount\":222,\"commentCount\":0,\"publisher\":{\"@id\":\"https:\\\/\\\/levasseur.org\\\/fr\\\/#organization\"},\"image\":{\"@id\":\"https:\\\/\\\/levasseur.org\\\/en\\\/moir-edmee-march-4-1942-january-16-2025\\\/#primaryimage\"},\"thumbnailUrl\":\"https:\\\/\\\/levasseur.org\\\/wp-content\\\/uploads\\\/2025\\\/01\\\/edmee_moir.jpg\",\"inLanguage\":\"en-US\",\"potentialAction\":[{\"@type\":\"CommentAction\",\"name\":\"Comment\",\"target\":[\"https:\\\/\\\/levasseur.org\\\/en\\\/moir-edmee-march-4-1942-january-16-2025\\\/#respond\"]}]},{\"@type\":\"WebPage\",\"@id\":\"https:\\\/\\\/levasseur.org\\\/en\\\/moir-edmee-march-4-1942-january-16-2025\\\/\",\"url\":\"https:\\\/\\\/levasseur.org\\\/en\\\/moir-edmee-march-4-1942-january-16-2025\\\/\",\"name\":\"Moir, Edm\u00e9e March 4, 1942 \u2013 January 16, 2025 - Levasseur Association of America Inc\",\"isPartOf\":{\"@id\":\"https:\\\/\\\/levasseur.org\\\/fr\\\/#website\"},\"primaryImageOfPage\":{\"@id\":\"https:\\\/\\\/levasseur.org\\\/en\\\/moir-edmee-march-4-1942-january-16-2025\\\/#primaryimage\"},\"image\":{\"@id\":\"https:\\\/\\\/levasseur.org\\\/en\\\/moir-edmee-march-4-1942-january-16-2025\\\/#primaryimage\"},\"thumbnailUrl\":\"https:\\\/\\\/levasseur.org\\\/wp-content\\\/uploads\\\/2025\\\/01\\\/edmee_moir.jpg\",\"datePublished\":\"2025-01-26T13:23:55+00:00\",\"dateModified\":\"2025-01-26T21:04:28+00:00\",\"description\":\"L\u2019Association des Levasseur et Carmel d\u2019Am\u00e9rique vous permet de consulter : documents historiques concernant les anc\u00eatres Jean, Pierre et Laurent Levasseur arriv\u00e9s en Nouvelle-France au 17e si\u00e8cle. Informations, objectifs, activit\u00e9s et rassemblements.\",\"breadcrumb\":{\"@id\":\"https:\\\/\\\/levasseur.org\\\/en\\\/moir-edmee-march-4-1942-january-16-2025\\\/#breadcrumb\"},\"inLanguage\":\"en-US\",\"potentialAction\":[{\"@type\":\"ReadAction\",\"target\":[\"https:\\\/\\\/levasseur.org\\\/en\\\/moir-edmee-march-4-1942-january-16-2025\\\/\"]}]},{\"@type\":\"ImageObject\",\"inLanguage\":\"en-US\",\"@id\":\"https:\\\/\\\/levasseur.org\\\/en\\\/moir-edmee-march-4-1942-january-16-2025\\\/#primaryimage\",\"url\":\"https:\\\/\\\/levasseur.org\\\/wp-content\\\/uploads\\\/2025\\\/01\\\/edmee_moir.jpg\",\"contentUrl\":\"https:\\\/\\\/levasseur.org\\\/wp-content\\\/uploads\\\/2025\\\/01\\\/edmee_moir.jpg\"},{\"@type\":\"BreadcrumbList\",\"@id\":\"https:\\\/\\\/levasseur.org\\\/en\\\/moir-edmee-march-4-1942-january-16-2025\\\/#breadcrumb\",\"itemListElement\":[{\"@type\":\"ListItem\",\"position\":1,\"name\":\"Accueil\",\"item\":\"https:\\\/\\\/levasseur.org\\\/en\\\/\"},{\"@type\":\"ListItem\",\"position\":2,\"name\":\"Moir, Edm\u00e9e March 4, 1942 \u2013 January 16, 2025\"}]},{\"@type\":\"WebSite\",\"@id\":\"https:\\\/\\\/levasseur.org\\\/fr\\\/#website\",\"url\":\"https:\\\/\\\/levasseur.org\\\/fr\\\/\",\"name\":\"Familles Levasseur & Carmel\",\"description\":\"Du mieux que je puis\",\"publisher\":{\"@id\":\"https:\\\/\\\/levasseur.org\\\/fr\\\/#organization\"},\"potentialAction\":[{\"@type\":\"SearchAction\",\"target\":{\"@type\":\"EntryPoint\",\"urlTemplate\":\"https:\\\/\\\/levasseur.org\\\/fr\\\/?s={search_term_string}\"},\"query-input\":{\"@type\":\"PropertyValueSpecification\",\"valueRequired\":true,\"valueName\":\"search_term_string\"}}],\"inLanguage\":\"en-US\"},{\"@type\":\"Organization\",\"@id\":\"https:\\\/\\\/levasseur.org\\\/fr\\\/#organization\",\"name\":\"Association des Levasseur d'Am\u00e9rique\",\"url\":\"https:\\\/\\\/levasseur.org\\\/fr\\\/\",\"logo\":{\"@type\":\"ImageObject\",\"inLanguage\":\"en-US\",\"@id\":\"https:\\\/\\\/levasseur.org\\\/fr\\\/#\\\/schema\\\/logo\\\/image\\\/\",\"url\":\"https:\\\/\\\/levasseur.org\\\/wp-content\\\/uploads\\\/2019\\\/04\\\/blason_nouv.gif\",\"contentUrl\":\"https:\\\/\\\/levasseur.org\\\/wp-content\\\/uploads\\\/2019\\\/04\\\/blason_nouv.gif\",\"width\":500,\"height\":487,\"caption\":\"Association des Levasseur d'Am\u00e9rique\"},\"image\":{\"@id\":\"https:\\\/\\\/levasseur.org\\\/fr\\\/#\\\/schema\\\/logo\\\/image\\\/\"},\"sameAs\":[\"https:\\\/\\\/www.facebook.com\\\/associationlevasseur\"]},{\"@type\":\"Person\",\"@id\":\"https:\\\/\\\/levasseur.org\\\/fr\\\/#\\\/schema\\\/person\\\/08aca2b2e8f0aaeb4fd1ba151d381668\",\"name\":\"Jean-Pierre Levasseur\",\"image\":{\"@type\":\"ImageObject\",\"inLanguage\":\"en-US\",\"@id\":\"https:\\\/\\\/secure.gravatar.com\\\/avatar\\\/91886ceaeeed70d2c783c3cecea227e4168c3850ccd56c136a87175ac5756f75?s=96&d=mm&r=g\",\"url\":\"https:\\\/\\\/secure.gravatar.com\\\/avatar\\\/91886ceaeeed70d2c783c3cecea227e4168c3850ccd56c136a87175ac5756f75?s=96&d=mm&r=g\",\"contentUrl\":\"https:\\\/\\\/secure.gravatar.com\\\/avatar\\\/91886ceaeeed70d2c783c3cecea227e4168c3850ccd56c136a87175ac5756f75?s=96&d=mm&r=g\",\"caption\":\"Jean-Pierre Levasseur\"},\"description\":\"B\u00e9n\u00e9vole pour l'Association des Levasseur d'Am\u00e9rique depuis 1995.\",\"url\":\"https:\\\/\\\/levasseur.org\\\/en\\\/author\\\/admin\\\/\"}]}<\/script>\n<!-- \/ Yoast SEO plugin. -->","yoast_head_json":{"title":"Moir, Edm\u00e9e March 4, 1942 \u2013 January 16, 2025 - Levasseur Association of America Inc","description":"L\u2019Association des Levasseur et Carmel d\u2019Am\u00e9rique vous permet de consulter : documents historiques concernant les anc\u00eatres Jean, Pierre et Laurent Levasseur arriv\u00e9s en Nouvelle-France au 17e si\u00e8cle. Informations, objectifs, activit\u00e9s et rassemblements.","robots":{"index":"index","follow":"follow","max-snippet":"max-snippet:-1","max-image-preview":"max-image-preview:large","max-video-preview":"max-video-preview:-1"},"canonical":"https:\/\/levasseur.org\/en\/moir-edmee-march-4-1942-january-16-2025\/","og_locale":"en_US","og_type":"article","og_title":"Moir, Edm\u00e9e March 4, 1942 \u2013 January 16, 2025 - Levasseur Association of America Inc","og_description":"L\u2019Association des Levasseur et Carmel d\u2019Am\u00e9rique vous permet de consulter : documents historiques concernant les anc\u00eatres Jean, Pierre et Laurent Levasseur arriv\u00e9s en Nouvelle-France au 17e si\u00e8cle. Informations, objectifs, activit\u00e9s et rassemblements.","og_url":"https:\/\/levasseur.org\/en\/moir-edmee-march-4-1942-january-16-2025\/","og_site_name":"Levasseur Association of America Inc","article_publisher":"https:\/\/www.facebook.com\/associationlevasseur","article_published_time":"2025-01-26T13:23:55+00:00","article_modified_time":"2025-01-26T21:04:28+00:00","og_image":[{"url":"https:\/\/levasseur.org\/wp-content\/uploads\/2025\/01\/edmee_moir.jpg","type":"","width":"","height":""}],"author":"Jean-Pierre Levasseur","twitter_card":"summary_large_image","twitter_misc":{"Written by":"Jean-Pierre Levasseur","Est. reading time":"1 minute"},"schema":{"@context":"https:\/\/schema.org","@graph":[{"@type":"Article","@id":"https:\/\/levasseur.org\/en\/moir-edmee-march-4-1942-january-16-2025\/#article","isPartOf":{"@id":"https:\/\/levasseur.org\/en\/moir-edmee-march-4-1942-january-16-2025\/"},"author":{"name":"Jean-Pierre Levasseur","@id":"https:\/\/levasseur.org\/fr\/#\/schema\/person\/08aca2b2e8f0aaeb4fd1ba151d381668"},"headline":"Moir, Edm\u00e9e March 4, 1942 \u2013 January 16, 2025","datePublished":"2025-01-26T13:23:55+00:00","dateModified":"2025-01-26T21:04:28+00:00","mainEntityOfPage":{"@id":"https:\/\/levasseur.org\/en\/moir-edmee-march-4-1942-january-16-2025\/"},"wordCount":222,"commentCount":0,"publisher":{"@id":"https:\/\/levasseur.org\/fr\/#organization"},"image":{"@id":"https:\/\/levasseur.org\/en\/moir-edmee-march-4-1942-january-16-2025\/#primaryimage"},"thumbnailUrl":"https:\/\/levasseur.org\/wp-content\/uploads\/2025\/01\/edmee_moir.jpg","inLanguage":"en-US","potentialAction":[{"@type":"CommentAction","name":"Comment","target":["https:\/\/levasseur.org\/en\/moir-edmee-march-4-1942-january-16-2025\/#respond"]}]},{"@type":"WebPage","@id":"https:\/\/levasseur.org\/en\/moir-edmee-march-4-1942-january-16-2025\/","url":"https:\/\/levasseur.org\/en\/moir-edmee-march-4-1942-january-16-2025\/","name":"Moir, Edm\u00e9e March 4, 1942 \u2013 January 16, 2025 - Levasseur Association of America Inc","isPartOf":{"@id":"https:\/\/levasseur.org\/fr\/#website"},"primaryImageOfPage":{"@id":"https:\/\/levasseur.org\/en\/moir-edmee-march-4-1942-january-16-2025\/#primaryimage"},"image":{"@id":"https:\/\/levasseur.org\/en\/moir-edmee-march-4-1942-january-16-2025\/#primaryimage"},"thumbnailUrl":"https:\/\/levasseur.org\/wp-content\/uploads\/2025\/01\/edmee_moir.jpg","datePublished":"2025-01-26T13:23:55+00:00","dateModified":"2025-01-26T21:04:28+00:00","description":"L\u2019Association des Levasseur et Carmel d\u2019Am\u00e9rique vous permet de consulter : documents historiques concernant les anc\u00eatres Jean, Pierre et Laurent Levasseur arriv\u00e9s en Nouvelle-France au 17e si\u00e8cle. Informations, objectifs, activit\u00e9s et rassemblements.","breadcrumb":{"@id":"https:\/\/levasseur.org\/en\/moir-edmee-march-4-1942-january-16-2025\/#breadcrumb"},"inLanguage":"en-US","potentialAction":[{"@type":"ReadAction","target":["https:\/\/levasseur.org\/en\/moir-edmee-march-4-1942-january-16-2025\/"]}]},{"@type":"ImageObject","inLanguage":"en-US","@id":"https:\/\/levasseur.org\/en\/moir-edmee-march-4-1942-january-16-2025\/#primaryimage","url":"https:\/\/levasseur.org\/wp-content\/uploads\/2025\/01\/edmee_moir.jpg","contentUrl":"https:\/\/levasseur.org\/wp-content\/uploads\/2025\/01\/edmee_moir.jpg"},{"@type":"BreadcrumbList","@id":"https:\/\/levasseur.org\/en\/moir-edmee-march-4-1942-january-16-2025\/#breadcrumb","itemListElement":[{"@type":"ListItem","position":1,"name":"Accueil","item":"https:\/\/levasseur.org\/en\/"},{"@type":"ListItem","position":2,"name":"Moir, Edm\u00e9e March 4, 1942 \u2013 January 16, 2025"}]},{"@type":"WebSite","@id":"https:\/\/levasseur.org\/fr\/#website","url":"https:\/\/levasseur.org\/fr\/","name":"Familles Levasseur & Carmel","description":"Du mieux que je puis","publisher":{"@id":"https:\/\/levasseur.org\/fr\/#organization"},"potentialAction":[{"@type":"SearchAction","target":{"@type":"EntryPoint","urlTemplate":"https:\/\/levasseur.org\/fr\/?s={search_term_string}"},"query-input":{"@type":"PropertyValueSpecification","valueRequired":true,"valueName":"search_term_string"}}],"inLanguage":"en-US"},{"@type":"Organization","@id":"https:\/\/levasseur.org\/fr\/#organization","name":"Association des Levasseur d'Am\u00e9rique","url":"https:\/\/levasseur.org\/fr\/","logo":{"@type":"ImageObject","inLanguage":"en-US","@id":"https:\/\/levasseur.org\/fr\/#\/schema\/logo\/image\/","url":"https:\/\/levasseur.org\/wp-content\/uploads\/2019\/04\/blason_nouv.gif","contentUrl":"https:\/\/levasseur.org\/wp-content\/uploads\/2019\/04\/blason_nouv.gif","width":500,"height":487,"caption":"Association des Levasseur d'Am\u00e9rique"},"image":{"@id":"https:\/\/levasseur.org\/fr\/#\/schema\/logo\/image\/"},"sameAs":["https:\/\/www.facebook.com\/associationlevasseur"]},{"@type":"Person","@id":"https:\/\/levasseur.org\/fr\/#\/schema\/person\/08aca2b2e8f0aaeb4fd1ba151d381668","name":"Jean-Pierre Levasseur","image":{"@type":"ImageObject","inLanguage":"en-US","@id":"https:\/\/secure.gravatar.com\/avatar\/91886ceaeeed70d2c783c3cecea227e4168c3850ccd56c136a87175ac5756f75?s=96&d=mm&r=g","url":"https:\/\/secure.gravatar.com\/avatar\/91886ceaeeed70d2c783c3cecea227e4168c3850ccd56c136a87175ac5756f75?s=96&d=mm&r=g","contentUrl":"https:\/\/secure.gravatar.com\/avatar\/91886ceaeeed70d2c783c3cecea227e4168c3850ccd56c136a87175ac5756f75?s=96&d=mm&r=g","caption":"Jean-Pierre Levasseur"},"description":"B\u00e9n\u00e9vole pour l'Association des Levasseur d'Am\u00e9rique depuis 1995.","url":"https:\/\/levasseur.org\/en\/author\/admin\/"}]}},"_links":{"self":[{"href":"https:\/\/levasseur.org\/en\/wp-json\/wp\/v2\/posts\/28729","targetHints":{"allow":["GET"]}}],"collection":[{"href":"https:\/\/levasseur.org\/en\/wp-json\/wp\/v2\/posts"}],"about":[{"href":"https:\/\/levasseur.org\/en\/wp-json\/wp\/v2\/types\/post"}],"author":[{"embeddable":true,"href":"https:\/\/levasseur.org\/en\/wp-json\/wp\/v2\/users\/1"}],"replies":[{"embeddable":true,"href":"https:\/\/levasseur.org\/en\/wp-json\/wp\/v2\/comments?post=28729"}],"version-history":[{"count":0,"href":"https:\/\/levasseur.org\/en\/wp-json\/wp\/v2\/posts\/28729\/revisions"}],"wp:attachment":[{"href":"https:\/\/levasseur.org\/en\/wp-json\/wp\/v2\/media?parent=28729"}],"wp:term":[{"taxonomy":"category","embeddable":true,"href":"https:\/\/levasseur.org\/en\/wp-json\/wp\/v2\/categories?post=28729"},{"taxonomy":"post_tag","embeddable":true,"href":"https:\/\/levasseur.org\/en\/wp-json\/wp\/v2\/tags?post=28729"}],"curies":[{"name":"wp","href":"https:\/\/api.w.org\/{rel}","templated":true}]}}